{"id":22679,"date":"2025-10-22T16:47:58","date_gmt":"2025-10-22T20:47:58","guid":{"rendered":"https:\/\/agromt.news\/?p=22679"},"modified":"2025-10-22T16:47:58","modified_gmt":"2025-10-22T20:47:58","slug":"o-premio-tambem-e-vitoria-dos-agricultores-afirma-mariangela-hungria-da-embrapa-soja","status":"publish","type":"post","link":"https:\/\/agromt.news\/?p=22679","title":{"rendered":"&#8216;O pr\u00eamio tamb\u00e9m \u00e9 vit\u00f3ria dos agricultores&#8217;, afirma Mariangela Hungria, da Embrapa Soja"},"content":{"rendered":"<p> <br \/>\n<br \/><img decoding=\"async\" src=\"https:\/\/agromt.news\/wp-content\/uploads\/2025\/10\/O-premio-tambem-e-vitoria-dos-agricultores-afirma-Mariangela-Hungria.jpg\" \/><\/p>\n<div>\n<p>A pesquisadora Mariangela Hungria, da Embrapa Soja, ser\u00e1 homenageada, nesta quarta-feira (23), com o <a href=\"https:\/\/www.canalrural.com.br\/agricultura\/mariangela-hungria-recebe-o-nobel-da-agricultura-nos-eua\/\">Pr\u00eamio Mundial da Alimenta\u00e7\u00e3o (World Food Prize \u2013 WFP)<\/a>, considerado o \u201cNobel da Agricultura\u201d. O evento de premia\u00e7\u00e3o ser\u00e1 realizado \u00e0s 21h (hor\u00e1rio de Bras\u00edlia), no Capit\u00f3lio de Iowa, em Des Moines (EUA), e poder\u00e1 ser acompanhado pelo site da Funda\u00e7\u00e3o WFP.<\/p>\n<ul class=\"wp-block-list\">\n<li><strong><em>Fique por dentro das novidades e not\u00edcias recentes sobre a soja! Participe da nossa comunidade atrav\u00e9s do\u00a0<a href=\"https:\/\/chat.whatsapp.com\/BmMRwA0TZ2DHGyhzoaVEWu\">link<\/a>! \ud83c\udf31<\/em><\/strong><\/li>\n<\/ul>\n<p>Mariangela Hungria ser\u00e1 reconhecida pelo impacto de suas pesquisas no desenvolvimento de insumos biol\u00f3gicos e na promo\u00e7\u00e3o de uma agricultura mais sustent\u00e1vel. Emocionada, afirmou estar \u201cvivendo um sonho\u201d e destacou o apoio recebido ao longo da trajet\u00f3ria. \u201cSempre tive o suporte da institui\u00e7\u00e3o, dos colegas de trabalho e, principalmente, dos produtores. Eles estar\u00e3o comigo no palco, porque sem o interesse deles e o nosso trabalho conjunto, eu n\u00e3o estaria aqui\u201d, pontuou.<\/p>\n<p><iframe title=\"Mariangela Hungria receber\u00e1 o &quot;Nobel da Agricultura nos EUA\" width=\"800\" height=\"450\" src=\"https:\/\/www.youtube.com\/embed\/ruVwCF9udfk?feature=oembed\" frameborder=\"0\" allow=\"accelerometer; autoplay; clipboard-write; encrypted-media; gyroscope; picture-in-picture; web-share\" referrerpolicy=\"strict-origin-when-cross-origin\" allowfullscreen><\/iframe><\/p>\n<p>A presidente da Embrapa, Silvia Massruh\u00e1, destacou o orgulho pelo reconhecimento internacional da trajet\u00f3ria de Mariangela Hungria. \u201cComo primeira mulher \u00e0 frente da Embrapa, \u00e9 um momento de arrepiar. Mariangela mostra o impacto da pesquisa p\u00fablica no campo e na vida das pessoas\u201d, disse. A pesquisadora acrescentou: \u201cMais de 40 anos de investimento da Embrapa nos biol\u00f3gicos, acreditando que poderiam substituir total ou parcialmente os qu\u00edmicos, e hoje o mundo reconhece esse trabalho\u201d<\/p>\n<p>Para o chefe-geral da Embrapa Soja, Alexandre Nepomuceno, o pr\u00eamio \u00e9 motivo de orgulho para a institui\u00e7\u00e3o e para o pa\u00eds, por reconhecer o trabalho da Mariangela Hungria e o impacto das pesquisas da Embrapa.<\/p>\n<p>Mariangela refor\u00e7ou o compromisso com a pesquisa p\u00fablica e a inova\u00e7\u00e3o sustent\u00e1vel. \u201cA ficha ainda n\u00e3o caiu. Este pr\u00eamio \u00e9 um reconhecimento a todo o trabalho da Embrapa e \u00e0 ci\u00eancia brasileira, que acreditou no potencial dos biol\u00f3gicos e fez deles uma realidade para o campo\u201d, completou.<\/p>\n<\/p><\/div>\n<p><br \/>\n<br \/><a href=\"https:\/\/www.canalrural.com.br\/agricultura\/projeto-soja-brasil\/o-premio-tambem-e-uma-vitoria-dos-agricultores-afirma-mariangela-hungria-da-embrapa-soja\/\">Source link <\/a><\/p>\n","protected":false},"excerpt":{"rendered":"<p>A pesquisadora Mariangela Hungria, da Embrapa Soja, ser\u00e1 homenageada, nesta quarta-feira (23), com o Pr\u00eamio Mundial da Alimenta\u00e7\u00e3o (World Food<\/p>\n","protected":false},"author":1,"featured_media":22680,"comment_status":"open","ping_status":"open","sticky":false,"template":"","format":"standard","meta":{"_monsterinsights_skip_tracking":false,"_monsterinsights_sitenote_active":false,"_monsterinsights_sitenote_note":"","_monsterinsights_sitenote_category":0,"_uf_show_specific_survey":0,"_uf_disable_surveys":false,"footnotes":""},"categories":[1],"tags":[],"class_list":["post-22679","post","type-post","status-publish","format-standard","has-post-thumbnail","hentry","category-news"],"_links":{"self":[{"href":"https:\/\/agromt.news\/index.php?rest_route=\/wp\/v2\/posts\/22679"}],"collection":[{"href":"https:\/\/agromt.news\/index.php?rest_route=\/wp\/v2\/posts"}],"about":[{"href":"https:\/\/agromt.news\/index.php?rest_route=\/wp\/v2\/types\/post"}],"author":[{"embeddable":true,"href":"https:\/\/agromt.news\/index.php?rest_route=\/wp\/v2\/users\/1"}],"replies":[{"embeddable":true,"href":"https:\/\/agromt.news\/index.php?rest_route=%2Fwp%2Fv2%2Fcomments&post=22679"}],"version-history":[{"count":0,"href":"https:\/\/agromt.news\/index.php?rest_route=\/wp\/v2\/posts\/22679\/revisions"}],"wp:featuredmedia":[{"embeddable":true,"href":"https:\/\/agromt.news\/index.php?rest_route=\/wp\/v2\/media\/22680"}],"wp:attachment":[{"href":"https:\/\/agromt.news\/index.php?rest_route=%2Fwp%2Fv2%2Fmedia&parent=22679"}],"wp:term":[{"taxonomy":"category","embeddable":true,"href":"https:\/\/agromt.news\/index.php?rest_route=%2Fwp%2Fv2%2Fcategories&post=22679"},{"taxonomy":"post_tag","embeddable":true,"href":"https:\/\/agromt.news\/index.php?rest_route=%2Fwp%2Fv2%2Ftags&post=22679"}],"curies":[{"name":"wp","href":"https:\/\/api.w.org\/{rel}","templated":true}]}}