{"id":22675,"date":"2025-10-22T16:18:08","date_gmt":"2025-10-22T20:18:08","guid":{"rendered":"https:\/\/agromt.news\/?p=22675"},"modified":"2025-10-22T16:18:08","modified_gmt":"2025-10-22T20:18:08","slug":"por-que-a-cop30-sera-divisor-de-aguas-para-o-brasil-e-o-financiamento-climatico","status":"publish","type":"post","link":"https:\/\/agromt.news\/?p=22675","title":{"rendered":"Por que a COP30 ser\u00e1 divisor de \u00e1guas para o Brasil e o financiamento clim\u00e1tico"},"content":{"rendered":"<p> <br \/>\n<\/p>\n<div>\n<p>A realiza\u00e7\u00e3o da COP30 em Bel\u00e9m, em 2025, simboliza mais que um marco diplom\u00e1tico. Representa a oportunidade de reposicionar o Brasil no centro das negocia\u00e7\u00f5es clim\u00e1ticas globais, unindo protagonismo ambiental, credibilidade internacional e capacidade t\u00e9cnica. A escolha da <strong><a href=\"http:\/\/www.canalrural.com.br\/tag\/amazonia\/\">Amaz\u00f4nia <\/a><\/strong>como sede refor\u00e7a a relev\u00e2ncia do pa\u00eds para a governan\u00e7a clim\u00e1tica, especialmente diante do desafio de equilibrar crescimento econ\u00f4mico e conserva\u00e7\u00e3o ambiental. <\/p>\n<p>O cen\u00e1rio atual exige a\u00e7\u00e3o coordenada e pragmatismo. As na\u00e7\u00f5es precisam acelerar a transi\u00e7\u00e3o para economias de baixo carbono e garantir financiamento sustent\u00e1vel para pa\u00edses em desenvolvimento. Nesse contexto, o Brasil tem papel singular: det\u00e9m uma das maiores biodiversidades do planeta e capacidade estrat\u00e9gica para liderar pol\u00edticas de mitiga\u00e7\u00e3o, adapta\u00e7\u00e3o e financiamento clim\u00e1tico. O pa\u00eds re\u00fane condi\u00e7\u00f5es pol\u00edticas e institucionais para atuar como ponte entre o Norte e o Sul global, aproximando interesses e fortalecendo o multilateralismo. <\/p>\n<p>O financiamento clim\u00e1tico \u00e9 o ponto mais sens\u00edvel da agenda. A promessa de mobilizar 100 bilh\u00f5es de d\u00f3lares anuais para pa\u00edses em desenvolvimento ainda n\u00e3o se concretizou plenamente. Os mecanismos existentes s\u00e3o fragmentados, de dif\u00edcil acesso e com baixa previsibilidade. \u00c9 necess\u00e1rio avan\u00e7ar em governan\u00e7a financeira, mensura\u00e7\u00e3o de resultados e integra\u00e7\u00e3o entre fontes p\u00fablicas e privadas. O Brasil pode exercer lideran\u00e7a t\u00e9cnica nesse campo, por meio do fortalecimento do Fundo Amaz\u00f4nia, do BNDES e de novas ferramentas que integrem sustentabilidade, impacto social e retorno econ\u00f4mico. <\/p>\n<p>Para que isso ocorra, ser\u00e1 essencial consolidar uma agenda dom\u00e9stica de governan\u00e7a ambiental e econ\u00f4mica. Pol\u00edticas p\u00fablicas articuladas, marcos regulat\u00f3rios claros e estabilidade institucional s\u00e3o pr\u00e9-requisitos para atrair capital internacional. A transpar\u00eancia e a rastreabilidade das a\u00e7\u00f5es de sustentabilidade ser\u00e3o diferenciais para a credibilidade do pa\u00eds diante de investidores e organismos multilaterais. O fortalecimento da governan\u00e7a corporativa e o compromisso das empresas com padr\u00f5es ESG robustos s\u00e3o elementos-chave para garantir confian\u00e7a e longevidade aos investimentos. <\/p>\n<p>A COP30 oferece uma plataforma \u00fanica para o Brasil demonstrar capacidade de lideran\u00e7a global e coer\u00eancia entre discurso e pr\u00e1tica. O pa\u00eds poder\u00e1 apresentar avan\u00e7os concretos na redu\u00e7\u00e3o de emiss\u00f5es, na prote\u00e7\u00e3o das florestas e na valoriza\u00e7\u00e3o das comunidades tradicionais, consolidando um modelo de desenvolvimento sustent\u00e1vel baseado na bioeconomia e na inova\u00e7\u00e3o tecnol\u00f3gica. Al\u00e9m disso, pode propor solu\u00e7\u00f5es regionais para a Amaz\u00f4nia, integrando pa\u00edses vizinhos em pol\u00edticas de preserva\u00e7\u00e3o e uso sustent\u00e1vel. <\/p>\n<p>A credibilidade brasileira depender\u00e1 da consist\u00eancia dos resultados apresentados. O pa\u00eds precisa mostrar que \u00e9 poss\u00edvel alinhar pol\u00edtica externa, investimentos e pol\u00edticas p\u00fablicas em torno de uma estrat\u00e9gia clim\u00e1tica integrada. A articula\u00e7\u00e3o entre governo, setor privado, academia e sociedade civil ser\u00e1 essencial para transformar compromissos em a\u00e7\u00f5es mensur\u00e1veis e duradouras. <\/p>\n<p>Mais do que sediar uma confer\u00eancia, o Brasil tem a chance de liderar um movimento global em defesa do clima e de um novo modelo econ\u00f4mico. A COP30 poder\u00e1 ser lembrada como o ponto de inflex\u00e3o que transformou a Amaz\u00f4nia em s\u00edmbolo de coopera\u00e7\u00e3o internacional e desenvolvimento sustent\u00e1vel \u2014 um legado que projeta o pa\u00eds como refer\u00eancia mundial em financiamento clim\u00e1tico e governan\u00e7a ambiental.<\/p>\n<div class=\"wp-block-media-text is-stacked-on-mobile\">\n<figure class=\"wp-block-media-text__media\"><img fetchpriority=\"high\" decoding=\"async\" width=\"682\" height=\"1024\" alt=\"\" class=\"wp-image-4121438 size-full\"  data-lazy- src=\"https:\/\/agromt.news\/wp-content\/uploads\/2025\/09\/caminhos-para-a-lideranca-na-COP30.jpeg\"\/><img decoding=\"async\" width=\"682\" height=\"1024\" src=\"https:\/\/agromt.news\/wp-content\/uploads\/2025\/09\/caminhos-para-a-lideranca-na-COP30.jpeg\" alt=\"\" class=\"wp-image-4121438 size-full\"  \/><\/figure>\n<div class=\"wp-block-media-text__content\">\n<p class=\"has-text-align-center\">*<em><strong>Ana Paula Abritta<\/strong>\u00a0\u00e9 diretora de Estrat\u00e9gia e Inova\u00e7\u00e3o da BMJ Consultores Associados, onde atua desde 2016 liderando equipes de Rela\u00e7\u00f5es Governamentais, Inova\u00e7\u00e3o e Com\u00e9rcio Internacional. \u00c9 mestra em Poder Legislativo (C\u00e2mara dos Deputados), com MBA em Com\u00e9rcio Internacional (FGV) e gradua\u00e7\u00e3o em Rela\u00e7\u00f5es Internacionais (UCB). \u00c9 cofundadora da rede Women Inside Trade (WIT).<\/em><\/p>\n<\/div>\n<\/div>\n<hr class=\"wp-block-separator has-alpha-channel-opacity\"\/>\n<p><em>O\u00a0<strong>Canal Rural<\/strong>\u00a0n\u00e3o se responsabiliza pelas opini\u00f5es e conceitos emitidos nos textos desta sess\u00e3o, sendo os conte\u00fados de inteira responsabilidade de seus autores. A empresa se reserva o direito de fazer ajustes no texto para adequa\u00e7\u00e3o \u00e0s normas de publica\u00e7\u00e3o.<\/em><\/p>\n<\/p><\/div>\n<p><br \/>\n<br \/><a href=\"https:\/\/www.canalrural.com.br\/opiniao-noticias\/por-que-a-cop30-sera-divisor-de-aguas-para-o-brasil-e-o-financiamento-climatico\/\">Source link <\/a><\/p>\n","protected":false},"excerpt":{"rendered":"<p>A realiza\u00e7\u00e3o da COP30 em Bel\u00e9m, em 2025, simboliza mais que um marco diplom\u00e1tico. Representa a oportunidade de reposicionar o<\/p>\n","protected":false},"author":1,"featured_media":22676,"comment_status":"open","ping_status":"open","sticky":false,"template":"","format":"standard","meta":{"_monsterinsights_skip_tracking":false,"_monsterinsights_sitenote_active":false,"_monsterinsights_sitenote_note":"","_monsterinsights_sitenote_category":0,"_uf_show_specific_survey":0,"_uf_disable_surveys":false,"footnotes":""},"categories":[1],"tags":[],"class_list":["post-22675","post","type-post","status-publish","format-standard","has-post-thumbnail","hentry","category-news"],"_links":{"self":[{"href":"https:\/\/agromt.news\/index.php?rest_route=\/wp\/v2\/posts\/22675"}],"collection":[{"href":"https:\/\/agromt.news\/index.php?rest_route=\/wp\/v2\/posts"}],"about":[{"href":"https:\/\/agromt.news\/index.php?rest_route=\/wp\/v2\/types\/post"}],"author":[{"embeddable":true,"href":"https:\/\/agromt.news\/index.php?rest_route=\/wp\/v2\/users\/1"}],"replies":[{"embeddable":true,"href":"https:\/\/agromt.news\/index.php?rest_route=%2Fwp%2Fv2%2Fcomments&post=22675"}],"version-history":[{"count":0,"href":"https:\/\/agromt.news\/index.php?rest_route=\/wp\/v2\/posts\/22675\/revisions"}],"wp:featuredmedia":[{"embeddable":true,"href":"https:\/\/agromt.news\/index.php?rest_route=\/wp\/v2\/media\/22676"}],"wp:attachment":[{"href":"https:\/\/agromt.news\/index.php?rest_route=%2Fwp%2Fv2%2Fmedia&parent=22675"}],"wp:term":[{"taxonomy":"category","embeddable":true,"href":"https:\/\/agromt.news\/index.php?rest_route=%2Fwp%2Fv2%2Fcategories&post=22675"},{"taxonomy":"post_tag","embeddable":true,"href":"https:\/\/agromt.news\/index.php?rest_route=%2Fwp%2Fv2%2Ftags&post=22675"}],"curies":[{"name":"wp","href":"https:\/\/api.w.org\/{rel}","templated":true}]}}