{"id":22654,"date":"2025-10-22T15:14:46","date_gmt":"2025-10-22T19:14:46","guid":{"rendered":"https:\/\/agromt.news\/?p=22654"},"modified":"2025-10-22T15:14:46","modified_gmt":"2025-10-22T19:14:46","slug":"participacao-de-femeas-no-abate-em-mato-grosso-segue-elevada","status":"publish","type":"post","link":"https:\/\/agromt.news\/?p=22654","title":{"rendered":"Participa\u00e7\u00e3o de f\u00eameas no abate em Mato Grosso segue elevada"},"content":{"rendered":"<p> <br \/>\n<\/p>\n<div>\n<div class=\"row\">\n<div class=\"col-lg col-infos mt-0 mt-lg-0\">\n<div class=\"section-sub-title\">\n<p itemprop=\"description\">&#13;<br \/>\n                                F\u00eameas representam 44% dos abates em MT&#13;\n                            <\/p>\n<\/p><\/div>\n<div class=\"container\">\n<div class=\"row\">\n<div class=\"col-lg p-0\">\n<div>\n<div class=\"block-news-main-infos mt-3 text-start\">\n<p>                                            <strong class=\"fn\" itemprop=\"author\" style=\"color: rgb(112, 112, 112); \">&#13;<br \/>\n                                                <a href=\"https:\/\/www.agrolink.com.br\/noticias\/javascript:;\" class=\"text-uppercase\" target=\"_blank\" style=\"color: rgb(112, 112, 112); \" rel=\"noopener\">Agrolink<\/a>&#13;<br \/>\n&#13;<br \/>\n                                                    &#8211; Seane Lennon&#13;<br \/>\n&#13;<br \/>\n                                            <\/strong><br \/>\n                                        <\/p>\n<p>                                            <abbr><time datetime=\"2025 - 10 - 21T17:51\" itemprop=\"datePublished dateModified\"> Publicado em 21\/10\/2025 \u00e0s 17:51h.<\/time><\/abbr>\n                                    <\/div>\n<\/p><\/div>\n<\/p><\/div>\n<div class=\"col-lg p-0 text-lg-end\">\n<div>\n<div id=\"mdEnviarPagina\" class=\"modal fade\" role=\"dialog\">\n<div class=\"modal-dialog\">\n<div class=\"modal-content\">\n<div class=\"modal-body\">\n<p><strong>Estimado usu\u00e1rio.<\/strong><br \/>Preencha o formul\u00e1rio abaixo para remeter a p\u00e1gina.<\/p>\n<\/p><\/div>\n<\/p><\/div>\n<\/p><\/div>\n<\/div><\/div>\n<\/p><\/div>\n<\/p><\/div>\n<\/p><\/div>\n<\/p><\/div>\n<\/p><\/div>\n<div class=\"row justify-content-md-center mt-3\">\n<div class=\"col-lg-auto col-image block-news-main-image\">\n<p>                                <img decoding=\"async\" src=\"https:\/\/www.agrolink.com.br\/upload\/imagens-resizes\/40c947826c8548759a1abe16bb2e0995_858x483.jpg\" class=\"lazyload img-fluid\"\/><br \/>\n                                                <span class=\"publicity-photo d-block mt-1\">Foto: Pixabay<\/span><\/p><\/div>\n<\/p><\/div>\n<div class=\"section-description section-description-noticias mt-3\">\n<p style=\"text-align:justify\">Segundo an\u00e1lise semanal do Instituto Mato-Grossense de Economia Agropecu\u00e1ria (Imea), divulgada nesta segunda-feira (20), mesmo com a redu\u00e7\u00e3o no abate de matrizes, a presen\u00e7a de novilhas de corte tem mantido o ritmo elevado de abate de f\u00eameas em Mato Grosso. Em setembro de 2025, as f\u00eameas representaram 44,03% do total abatido no estado.&#13;\n<\/p>\n<p style=\"text-align:justify\">Na compara\u00e7\u00e3o com agosto, o volume de f\u00eameas enviadas aos frigor\u00edficos recuou 4,14%. De acordo com o Imea, \u201capesar dessa redu\u00e7\u00e3o mensal, a intensidade do recuo foi menor que a observada no mesmo per\u00edodo do ano passado, quando a queda havia sido de 14,82%\u201d.&#13;\n<\/p>\n<p style=\"text-align:justify\">No acumulado de 2025, a participa\u00e7\u00e3o de f\u00eameas est\u00e1 6,81 pontos percentuais acima do registrado no mesmo intervalo de 2024, o que, segundo o instituto, indica \u201cuma oferta ainda robusta, especialmente de novilhas terminadas\u201d. Essa elevada participa\u00e7\u00e3o tem exercido press\u00e3o sobre as cota\u00e7\u00f5es do boi gordo ao longo do ano.&#13;\n<\/p>\n<p style=\"text-align:justify\">O Imea avalia que, embora haja expectativa de ajustes positivos nos pre\u00e7os no final do quarto trimestre, \u201cmovimentos expressivos de alta no curto prazo n\u00e3o s\u00e3o esperados\u201d, j\u00e1 que o volume de f\u00eameas terminadas ainda se mant\u00e9m em patamar elevado.<\/p>\n<\/p><\/div>\n<\/p><\/div>\n<p><script data-cfasync=\"false\">\n    !function (f, b, e, v, n, t, s) {\n        if (f.fbq) return; n = f.fbq = function () {\n            n.callMethod ?\n                n.callMethod.apply(n, arguments) : n.queue.push(arguments)\n        };\n        if (!f._fbq) f._fbq = n; n.push = n; n.loaded = !0; n.version = '2.0';\n        n.queue = []; t = b.createElement(e); t.async = !0;\n        t.src = v; s = b.getElementsByTagName(e)[0];\n        s.parentNode.insertBefore(t, s)\n    }(window, document, 'script',\n        'https:\/\/connect.facebook.net\/en_US\/fbevents.js');\n    fbq('init', '522546078623747');\n    fbq('track', 'PageView');\n<\/script><br \/>\n<br \/><br \/>\n<br \/><a href=\"https:\/\/www.agrolink.com.br\/noticias\/participacao-de-femeas-no-abate-em-mato-grosso-segue-elevada_507200.html\">Source link <\/a><\/p>\n","protected":false},"excerpt":{"rendered":"<p>&#13; F\u00eameas representam 44% dos abates em MT&#13; &#13; Agrolink&#13; &#13; &#8211; Seane Lennon&#13; &#13; Publicado em 21\/10\/2025 \u00e0s 17:51h.<\/p>\n","protected":false},"author":1,"featured_media":10781,"comment_status":"open","ping_status":"open","sticky":false,"template":"","format":"standard","meta":{"_monsterinsights_skip_tracking":false,"_monsterinsights_sitenote_active":false,"_monsterinsights_sitenote_note":"","_monsterinsights_sitenote_category":0,"_uf_show_specific_survey":0,"_uf_disable_surveys":false,"footnotes":""},"categories":[8,1,14],"tags":[],"class_list":["post-22654","post","type-post","status-publish","format-standard","has-post-thumbnail","hentry","category-agro","category-news","category-politica-agro"],"_links":{"self":[{"href":"https:\/\/agromt.news\/index.php?rest_route=\/wp\/v2\/posts\/22654"}],"collection":[{"href":"https:\/\/agromt.news\/index.php?rest_route=\/wp\/v2\/posts"}],"about":[{"href":"https:\/\/agromt.news\/index.php?rest_route=\/wp\/v2\/types\/post"}],"author":[{"embeddable":true,"href":"https:\/\/agromt.news\/index.php?rest_route=\/wp\/v2\/users\/1"}],"replies":[{"embeddable":true,"href":"https:\/\/agromt.news\/index.php?rest_route=%2Fwp%2Fv2%2Fcomments&post=22654"}],"version-history":[{"count":0,"href":"https:\/\/agromt.news\/index.php?rest_route=\/wp\/v2\/posts\/22654\/revisions"}],"wp:featuredmedia":[{"embeddable":true,"href":"https:\/\/agromt.news\/index.php?rest_route=\/wp\/v2\/media\/10781"}],"wp:attachment":[{"href":"https:\/\/agromt.news\/index.php?rest_route=%2Fwp%2Fv2%2Fmedia&parent=22654"}],"wp:term":[{"taxonomy":"category","embeddable":true,"href":"https:\/\/agromt.news\/index.php?rest_route=%2Fwp%2Fv2%2Fcategories&post=22654"},{"taxonomy":"post_tag","embeddable":true,"href":"https:\/\/agromt.news\/index.php?rest_route=%2Fwp%2Fv2%2Ftags&post=22654"}],"curies":[{"name":"wp","href":"https:\/\/api.w.org\/{rel}","templated":true}]}}