{"id":22637,"date":"2025-10-22T10:50:37","date_gmt":"2025-10-22T14:50:37","guid":{"rendered":"https:\/\/agromt.news\/?p=22637"},"modified":"2025-10-22T10:50:37","modified_gmt":"2025-10-22T14:50:37","slug":"saiba-mais-sobre-a-origem-da-especie-que-mata-abelhas","status":"publish","type":"post","link":"https:\/\/agromt.news\/?p=22637","title":{"rendered":"saiba mais sobre a origem da esp\u00e9cie que mata abelhas"},"content":{"rendered":"<p> <br \/>\n<br \/><img decoding=\"async\" src=\"https:\/\/agromt.news\/wp-content\/uploads\/2025\/10\/saiba-mais-sobre-a-origem-da-especie-que-mata-abelhas.jpeg\" \/><\/p>\n<div>\n<p>Uma \u00e1rvore muito conhecida ganhou destaque na \u00faltima semana. Isso porque a esp\u00e9cie \u00e9 amplamente usada na arboriza\u00e7\u00e3o urbana de v\u00e1rias cidades brasileiras, mas que pode ser mortal para abelhas nativas. Estamos falando da <em>Spathodea campanulata<\/em>, de grande porte e que pode atingir at\u00e9 25 metros de altura.<\/p>\n<p>Em Santa Catarina, por exemplo, o plantio ou manuten\u00e7\u00e3o da \u00e1rvore s\u00e3o proibidos por meio de uma lei, com aplica\u00e7\u00e3o de multas de R$ 1 mil por planta ou muda produzidas. Neste sentido, o governo catarinense at\u00e9 lan\u00e7ou uma campanha de conscientiza\u00e7\u00e3o.<\/p>\n<h3 class=\"wp-block-heading\" id=\"h-origem-exotica\">Origem ex\u00f3tica<\/h3>\n<p>A esp\u00e9cie \u00e9 conhecida como <strong>espat\u00f3dea<\/strong>, <strong>bisnagueira<\/strong> ou <strong>tulipeira-do-gab\u00e3o<\/strong> e vem de regi\u00f5es tropicais da \u00c1frica Ocidental. A sua dissemina\u00e7\u00e3o na Am\u00e9rica do Sul ocorreu por causa das flores grandes e coloridas, se tornando uma caracter\u00edstica conhecida em v\u00e1rias ruas pelo Brasil.<\/p>\n<p>Al\u00e9m do uso ornamental da \u00e1rvore, s\u00e3o diversos os registros das propriedades medicinais dessa esp\u00e9cie e uso como controladores de pragas. Por\u00e9m, estudos laboratoriais e relatos de campo apontam que n\u00e9ctar, p\u00f3len e mucilagem da planta podem reduzir a sobreviv\u00eancia de esp\u00e9cies nativas de abelhas.<\/p>\n<h3 class=\"wp-block-heading\" id=\"h-como-a-planta-afeta-as-abelhas\">Como a planta afeta as abelhas?<\/h3>\n<p>Segundo as pesquisas, o n\u00e9ctar e o p\u00f3len da espat\u00f3dea aumentam a mortalidade de esp\u00e9cies de <em>Melipona<\/em>, abelhas sem ferr\u00e3o. Al\u00e9m disso, os estudos indicam a presen\u00e7a de compostos na mucilagem e no p\u00f3len que s\u00e3o t\u00f3xicos ou interferem no metabolismo desses insetos. Assim, o padr\u00e3o de mortes dentro das flores e o aumento da mortalidade em condi\u00e7\u00f5es controladas s\u00e3o consistentes entre si.<\/p>\n<p>Em resposta a esses riscos, estados brasileiros passaram a restringir o plantio da esp\u00e9cie, por meio de legisla\u00e7\u00f5es e orienta\u00e7\u00f5es t\u00e9cnicas. A recomenda\u00e7\u00e3o \u00e9 evitar o plantio da esp\u00e9cie pr\u00f3ximo a \u00e1reas de apicultura e corredores de vegeta\u00e7\u00e3o nativa. Para arboriza\u00e7\u00e3o urbana, a orienta\u00e7\u00e3o \u00e9 priorizar esp\u00e9cies nativas comprovadamente \u201camigas\u201d dos polinizadores, reduzindo os riscos.<\/p>\n<\/p><\/div>\n<p><br \/>\n<br \/><a href=\"https:\/\/www.canalrural.com.br\/diversos\/arvore-toxica-saiba-mais-sobre-a-origem-da-especie-que-mata-abelhas\/\">Source link <\/a><\/p>\n","protected":false},"excerpt":{"rendered":"<p>Uma \u00e1rvore muito conhecida ganhou destaque na \u00faltima semana. Isso porque a esp\u00e9cie \u00e9 amplamente usada na arboriza\u00e7\u00e3o urbana de<\/p>\n","protected":false},"author":1,"featured_media":22638,"comment_status":"open","ping_status":"open","sticky":false,"template":"","format":"standard","meta":{"_monsterinsights_skip_tracking":false,"_monsterinsights_sitenote_active":false,"_monsterinsights_sitenote_note":"","_monsterinsights_sitenote_category":0,"_uf_show_specific_survey":0,"_uf_disable_surveys":false,"footnotes":""},"categories":[1],"tags":[],"class_list":["post-22637","post","type-post","status-publish","format-standard","has-post-thumbnail","hentry","category-news"],"_links":{"self":[{"href":"https:\/\/agromt.news\/index.php?rest_route=\/wp\/v2\/posts\/22637"}],"collection":[{"href":"https:\/\/agromt.news\/index.php?rest_route=\/wp\/v2\/posts"}],"about":[{"href":"https:\/\/agromt.news\/index.php?rest_route=\/wp\/v2\/types\/post"}],"author":[{"embeddable":true,"href":"https:\/\/agromt.news\/index.php?rest_route=\/wp\/v2\/users\/1"}],"replies":[{"embeddable":true,"href":"https:\/\/agromt.news\/index.php?rest_route=%2Fwp%2Fv2%2Fcomments&post=22637"}],"version-history":[{"count":0,"href":"https:\/\/agromt.news\/index.php?rest_route=\/wp\/v2\/posts\/22637\/revisions"}],"wp:featuredmedia":[{"embeddable":true,"href":"https:\/\/agromt.news\/index.php?rest_route=\/wp\/v2\/media\/22638"}],"wp:attachment":[{"href":"https:\/\/agromt.news\/index.php?rest_route=%2Fwp%2Fv2%2Fmedia&parent=22637"}],"wp:term":[{"taxonomy":"category","embeddable":true,"href":"https:\/\/agromt.news\/index.php?rest_route=%2Fwp%2Fv2%2Fcategories&post=22637"},{"taxonomy":"post_tag","embeddable":true,"href":"https:\/\/agromt.news\/index.php?rest_route=%2Fwp%2Fv2%2Ftags&post=22637"}],"curies":[{"name":"wp","href":"https:\/\/api.w.org\/{rel}","templated":true}]}}