{"id":22630,"date":"2025-10-22T09:13:33","date_gmt":"2025-10-22T13:13:33","guid":{"rendered":"https:\/\/agromt.news\/?p=22630"},"modified":"2025-10-22T09:13:33","modified_gmt":"2025-10-22T13:13:33","slug":"cop30-impulsiona-negocios-e-fortalece-o-legado-sustentavel-no-para","status":"publish","type":"post","link":"https:\/\/agromt.news\/?p=22630","title":{"rendered":"COP30 impulsiona neg\u00f3cios e fortalece o legado sustent\u00e1vel no Par\u00e1"},"content":{"rendered":"<p> <br \/>\n<\/p>\n<div>\n<p>O <a href=\"https:\/\/sebrae.com.br\/sites\/PortalSebrae\/ufs\/pa?codUf=15\">Sebrae Par\u00e1 <\/a>(PA) tem atuado de forma estrat\u00e9gica para apoiar empreendedores e produtores rurais. Com isso, busca garantir que todos estejam preparados para aproveitar as oportunidades geradas por um dos maiores eventos clim\u00e1ticos do mundo: a 30\u00aa Confer\u00eancia das Na\u00e7\u00f5es Unidas sobre Mudan\u00e7a do Clima (<a href=\"https:\/\/www.canalrural.com.br\/cop30\/protocolo-de-graos-do-para-supera-100-signatarios-e-cobre-96-da-soja\/\">COP30<\/a>), que reunir\u00e1 representantes de 190 pa\u00edses.<\/p>\n<p>\u201cN\u00f3s j\u00e1 estamos trabalhando na COP30 h\u00e1 alguns anos\u201d, diz P\u00e9ricles Diniz, gestor estadual de turismo e agroneg\u00f3cio do Sebrae Par\u00e1.<\/p>\n<p>Segundo Diniz, o evento vai muito al\u00e9m do turismo. \u201cA gente est\u00e1 falando de um evento que mexe com v\u00e1rias \u00e1reas de neg\u00f3cios no Par\u00e1 inteiro. Voc\u00ea tem a\u00ed, um evento para os produtores rurais mostrarem a sua produ\u00e7\u00e3o de frutas regionais, que a maioria dos visitantes n\u00e3o conhece como o nosso cupua\u00e7u, bacuri, jambo e v\u00e1rias frutas.\u201d<\/p>\n<p>Al\u00e9m disso, com o apoio do Sebrae, produtores rurais v\u00eam buscando parcerias com restaurantes. Essa iniciativa fortalece o conceito de gastronomia regional sustent\u00e1vel.<\/p>\n<p>\u201cE por outro lado os restaurantes passaram a entender que, comprar produtos dos produtores locais \u00e9 mais vantajoso, porque os produtos s\u00e3o mais frescos e chegam com menos tempo de uso.\u201d<\/p>\n<ul class=\"wp-block-list\">\n<li>Participe do Porteira Aberta Empreender: envie perguntas, sugest\u00f5es e conte a sua hist\u00f3ria de empreendedorismo pelo<a href=\"https:\/\/api.whatsapp.com\/send?phone=5511932796720&amp;PorteiraAbertaEmpreender=SuaMensagem\"> WhatsApp<\/a><\/li>\n<\/ul>\n<h2 class=\"wp-block-heading\" id=\"h-legado-alem-da-cop30\">Legado al\u00e9m da COP30 <\/h2>\n<p>Mais do que o impacto <a href=\"https:\/\/pa.agenciasebrae.com.br\/economia-e-politica\/sebrae-atua-para-destacar-turismo-paraense-na-cop-30\/\">econ\u00f4mico<\/a> imediato, Diniz ressalta que todo o trabalho desenvolvido para o evento tem um valor duradouro.<\/p>\n<p>\u201cO importante n\u00e3o \u00e9 s\u00f3 a COP30, mas o que ela deixa de aprendizado e transforma\u00e7\u00e3o. Pequenos produtores rurais que eram acostumados a vender somente para feiras est\u00e3o se habituando a transformar embalagens para o seu produto, transformar modo de venda, marketing, a quest\u00e3o de digitaliza\u00e7\u00e3o e isso \u00e9 um legado que a gente vai ter aqui, p\u00f3s-COP\u201d, conclui Diniz.<\/p>\n<p>P\u00e9ricles Diniz participa do<strong> <\/strong>programa<strong> <\/strong><a href=\"https:\/\/www.youtube.com\/watch?v=Z-QmWLVJ-AI&amp;t=1s\"><strong>Porteira Aberta<\/strong> <strong>Empreender<\/strong><\/a><strong> <\/strong>nesta sexta-feira (24), \u00e0s 18h. Al\u00e9m da<a href=\"https:\/\/www.canalrural.com.br\/pecuaria\/cop-30-mesa-brasileira-da-pecuaria-sustentavel-apresenta-propostas-sobre-pecuaria-sustentavel\/\"> COP30<\/a>, o gestor estadual de turismo e agroneg\u00f3cio do Sebrae Par\u00e1 compartilha dicas e orienta\u00e7\u00f5es sobre gest\u00e3o de crise. Sintonize e participe!<\/p>\n<figure class=\"wp-block-image size-full is-resized\"><img fetchpriority=\"high\" decoding=\"async\" width=\"1013\" height=\"1017\" src=\"https:\/\/agromt.news\/wp-content\/uploads\/2025\/08\/tradicao-dos-queijos-artesanais-e-turismo-rural-em-Goias.png\" alt=\"\" class=\"wp-image-4116505\" style=\"width:412px;height:auto\"  \/><figcaption class=\"wp-element-caption\">\u00c0s sextas-feiras, \u00e0s 18h, no Canal Rural. | Foto: Arte Divulga\u00e7\u00e3o<\/figcaption><\/figure>\n<h2 class=\"wp-block-heading\" id=\"h-sobre-a-cop30\">Sobre a COP30<\/h2>\n<p>O evento acontece em Bel\u00e9m (PA) entre os dias 10 e 21 de novembro, no Parque da Cidade \u2013 espa\u00e7o que ser\u00e1 a principal sede da COP30, abrigando tanto a <strong>Blue Zone<\/strong> (Zona Azul), dedicada \u00e0s negocia\u00e7\u00f5es oficiais, quanto a <strong>Green Zone<\/strong> (Zona Verde), voltada a debates com a sociedade civil, manifesta\u00e7\u00f5es culturais e iniciativas de ci\u00eancia, inova\u00e7\u00e3o e empreendedorismo sustent\u00e1vel.<\/p>\n<\/p><\/div>\n<p><br \/>\n<br \/><a href=\"https:\/\/www.canalrural.com.br\/empreendedorismo\/cop30-impulsiona-negocios-e-fortalece-o-legado-sustentavel-no-para\/\">Source link <\/a><\/p>\n","protected":false},"excerpt":{"rendered":"<p>O Sebrae Par\u00e1 (PA) tem atuado de forma estrat\u00e9gica para apoiar empreendedores e produtores rurais. Com isso, busca garantir que<\/p>\n","protected":false},"author":1,"featured_media":22631,"comment_status":"open","ping_status":"open","sticky":false,"template":"","format":"standard","meta":{"_monsterinsights_skip_tracking":false,"_monsterinsights_sitenote_active":false,"_monsterinsights_sitenote_note":"","_monsterinsights_sitenote_category":0,"_uf_show_specific_survey":0,"_uf_disable_surveys":false,"footnotes":""},"categories":[1],"tags":[],"class_list":["post-22630","post","type-post","status-publish","format-standard","has-post-thumbnail","hentry","category-news"],"_links":{"self":[{"href":"https:\/\/agromt.news\/index.php?rest_route=\/wp\/v2\/posts\/22630"}],"collection":[{"href":"https:\/\/agromt.news\/index.php?rest_route=\/wp\/v2\/posts"}],"about":[{"href":"https:\/\/agromt.news\/index.php?rest_route=\/wp\/v2\/types\/post"}],"author":[{"embeddable":true,"href":"https:\/\/agromt.news\/index.php?rest_route=\/wp\/v2\/users\/1"}],"replies":[{"embeddable":true,"href":"https:\/\/agromt.news\/index.php?rest_route=%2Fwp%2Fv2%2Fcomments&post=22630"}],"version-history":[{"count":0,"href":"https:\/\/agromt.news\/index.php?rest_route=\/wp\/v2\/posts\/22630\/revisions"}],"wp:featuredmedia":[{"embeddable":true,"href":"https:\/\/agromt.news\/index.php?rest_route=\/wp\/v2\/media\/22631"}],"wp:attachment":[{"href":"https:\/\/agromt.news\/index.php?rest_route=%2Fwp%2Fv2%2Fmedia&parent=22630"}],"wp:term":[{"taxonomy":"category","embeddable":true,"href":"https:\/\/agromt.news\/index.php?rest_route=%2Fwp%2Fv2%2Fcategories&post=22630"},{"taxonomy":"post_tag","embeddable":true,"href":"https:\/\/agromt.news\/index.php?rest_route=%2Fwp%2Fv2%2Ftags&post=22630"}],"curies":[{"name":"wp","href":"https:\/\/api.w.org\/{rel}","templated":true}]}}