{"id":22628,"date":"2025-10-22T09:06:39","date_gmt":"2025-10-22T13:06:39","guid":{"rendered":"https:\/\/agromt.news\/?p=22628"},"modified":"2025-10-22T09:06:39","modified_gmt":"2025-10-22T13:06:39","slug":"maior-feira-de-maquinas-do-mundo-deve-bater-recorde","status":"publish","type":"post","link":"https:\/\/agromt.news\/?p=22628","title":{"rendered":"Maior feira de m\u00e1quinas do mundo deve bater recorde"},"content":{"rendered":"<p> <br \/>\n<\/p>\n<div>\n<div class=\"row\">\n<div class=\"col-lg col-infos mt-0 mt-lg-0\">\n<div class=\"section-sub-title\">\n<p itemprop=\"description\">&#13;<br \/>\n                                O Brasil mant\u00e9m presen\u00e7a consolidada com dois pavilh\u00f5es&#13;\n                            <\/p>\n<\/p><\/div>\n<div class=\"container\">\n<div class=\"row\">\n<div class=\"col-lg p-0\">\n<div>\n<div class=\"block-news-main-infos mt-3 text-start\">\n<p>                                            <strong class=\"fn\" itemprop=\"author\" style=\"color: rgb(112, 112, 112); \">&#13;<br \/>\n                                                <a href=\"https:\/\/www.agrolink.com.br\/noticias\/javascript:;\" class=\"text-uppercase\" target=\"_blank\" style=\"color: rgb(112, 112, 112); \" rel=\"noopener\">Agrolink<\/a>&#13;<br \/>\n&#13;<br \/>\n                                                    &#8211; Leonardo Gottems&#13;<br \/>\n&#13;<br \/>\n                                            <\/strong><br \/>\n                                        <\/p>\n<p>                                            <abbr><time datetime=\"2025 - 10 - 22T02:30\" itemprop=\"datePublished dateModified\"> Publicado em 22\/10\/2025 \u00e0s 02:30h.<\/time><\/abbr>\n                                    <\/div>\n<\/p><\/div>\n<\/p><\/div>\n<div class=\"col-lg p-0 text-lg-end\">\n<div>\n<div id=\"mdEnviarPagina\" class=\"modal fade\" role=\"dialog\">\n<div class=\"modal-dialog\">\n<div class=\"modal-content\">\n<div class=\"modal-body\">\n<p><strong>Estimado usu\u00e1rio.<\/strong><br \/>Preencha o formul\u00e1rio abaixo para remeter a p\u00e1gina.<\/p>\n<\/p><\/div>\n<\/p><\/div>\n<\/p><\/div>\n<\/div><\/div>\n<\/p><\/div>\n<\/p><\/div>\n<\/p><\/div>\n<\/p><\/div>\n<\/p><\/div>\n<div class=\"row justify-content-md-center mt-3\">\n<div class=\"col-lg-auto col-image block-news-main-image\">\n<p>                                <img decoding=\"async\" src=\"https:\/\/www.agrolink.com.br\/upload\/imagens-resizes\/4dc22000111a49d48c4b372b331ef383_858x483.jpg\" class=\"lazyload img-fluid\" alt=\"O Brasil mant\u00e9m presen\u00e7a consolidada com dois pavilh\u00f5es\"\/><br \/>\n                                                <span class=\"d-block mt-1\">O Brasil mant\u00e9m presen\u00e7a consolidada com dois pavilh\u00f5es &#8211; Foto: Divulga\u00e7\u00e3o<\/span><\/p><\/div>\n<\/p><\/div>\n<div class=\"section-description section-description-noticias mt-3\">\n<p>A Agritechnica 2025, que acontece de 9 a 15 de novembro em Hannover, na Alemanha, promete ser a edi\u00e7\u00e3o mais internacional da hist\u00f3ria. Segundo a organizadora DLG (Sociedade Agr\u00edcola Alem\u00e3), o evento reunir\u00e1 37 pavilh\u00f5es nacionais e regionais, um recorde absoluto, representando 23 pa\u00edses. A novidade fica por conta de cinco estreantes: Austr\u00e1lia, Rep\u00fablica Tcheca, Hungria, Pol\u00f4nia e Turquia, que se juntam aos mais de 2.700 expositores esperados para esta edi\u00e7\u00e3o.&#13;\n<\/p>\n<p>O aumento no n\u00famero de pavilh\u00f5es confirma o papel da Agritechnica como o principal palco global de neg\u00f3cios do agroneg\u00f3cio. S\u00e3o esperados cerca de 430 mil visitantes de quase 150 pa\u00edses, refor\u00e7ando o potencial da feira para conectar empresas a novos mercados e parceiros estrat\u00e9gicos. Entre os estreantes, a Austr\u00e1lia ganha destaque com o projeto \u201cTeam Australia Mission\u201d, liderado pela Australian Agritech Association, em parceria com o governo de Queensland e a AgriFutures growAG. O pavilh\u00e3o australiano apresentar\u00e1 tecnologias voltadas \u00e0 produtividade, sustentabilidade e adapta\u00e7\u00e3o clim\u00e1tica \u2014 \u00e1reas em que o pa\u00eds vem se destacando globalmente.<\/p>\n<p>O Brasil mant\u00e9m presen\u00e7a consolidada com dois pavilh\u00f5es (nos pavilh\u00f5es 9 e 15), refor\u00e7ando o peso da agricultura tropical e das solu\u00e7\u00f5es desenvolvidas para grandes culturas. J\u00e1 os pavilh\u00f5es do Canad\u00e1, Fran\u00e7a e Rep\u00fablica Tcheca ter\u00e3o papel de destaque durante o Dia Internacional do Agricultor, em 12 de novembro, com entrada gratuita para produtores desses pa\u00edses e programa\u00e7\u00e3o especial sobre inova\u00e7\u00e3o e desafios produtivos.&#13;\n<\/p>\n<p>Al\u00e9m das inova\u00e7\u00f5es tecnol\u00f3gicas, a feira tamb\u00e9m aposta em experi\u00eancias culturais. No dia 11 de novembro, acontecem simultaneamente a \u201cAustralia Night\u201d e a recep\u00e7\u00e3o canadense, encontros voltados ao networking e \u00e0 integra\u00e7\u00e3o entre profissionais do agro. Segundo Timo Zipf, gerente de projeto da Agritechnica, os pavilh\u00f5es nacionais \u201ctrazem n\u00e3o apenas tecnologia, mas tamb\u00e9m o esp\u00edrito e a identidade de cada pa\u00eds\u201d, transformando Hannover no epicentro global da agricultura moderna.<br \/>&#13;<br \/>\n\u00a0<\/p>\n<\/p><\/div>\n<\/p><\/div>\n<p><script data-cfasync=\"false\">\n    !function (f, b, e, v, n, t, s) {\n        if (f.fbq) return; n = f.fbq = function () {\n            n.callMethod ?\n                n.callMethod.apply(n, arguments) : n.queue.push(arguments)\n        };\n        if (!f._fbq) f._fbq = n; n.push = n; n.loaded = !0; n.version = '2.0';\n        n.queue = []; t = b.createElement(e); t.async = !0;\n        t.src = v; s = b.getElementsByTagName(e)[0];\n        s.parentNode.insertBefore(t, s)\n    }(window, document, 'script',\n        'https:\/\/connect.facebook.net\/en_US\/fbevents.js');\n    fbq('init', '522546078623747');\n    fbq('track', 'PageView');\n<\/script><br \/>\n<br \/><br \/>\n<br \/><a href=\"https:\/\/www.agrolink.com.br\/noticias\/maior-feira-de-maquinas-do-mundo-deve-bater-recorde_507205.html\">Source link <\/a><\/p>\n","protected":false},"excerpt":{"rendered":"<p>&#13; O Brasil mant\u00e9m presen\u00e7a consolidada com dois pavilh\u00f5es&#13; &#13; Agrolink&#13; &#13; &#8211; Leonardo Gottems&#13; &#13; Publicado em 22\/10\/2025 \u00e0s<\/p>\n","protected":false},"author":1,"featured_media":22629,"comment_status":"open","ping_status":"open","sticky":false,"template":"","format":"standard","meta":{"_monsterinsights_skip_tracking":false,"_monsterinsights_sitenote_active":false,"_monsterinsights_sitenote_note":"","_monsterinsights_sitenote_category":0,"_uf_show_specific_survey":0,"_uf_disable_surveys":false,"footnotes":""},"categories":[8,1,14],"tags":[],"class_list":["post-22628","post","type-post","status-publish","format-standard","has-post-thumbnail","hentry","category-agro","category-news","category-politica-agro"],"_links":{"self":[{"href":"https:\/\/agromt.news\/index.php?rest_route=\/wp\/v2\/posts\/22628"}],"collection":[{"href":"https:\/\/agromt.news\/index.php?rest_route=\/wp\/v2\/posts"}],"about":[{"href":"https:\/\/agromt.news\/index.php?rest_route=\/wp\/v2\/types\/post"}],"author":[{"embeddable":true,"href":"https:\/\/agromt.news\/index.php?rest_route=\/wp\/v2\/users\/1"}],"replies":[{"embeddable":true,"href":"https:\/\/agromt.news\/index.php?rest_route=%2Fwp%2Fv2%2Fcomments&post=22628"}],"version-history":[{"count":0,"href":"https:\/\/agromt.news\/index.php?rest_route=\/wp\/v2\/posts\/22628\/revisions"}],"wp:featuredmedia":[{"embeddable":true,"href":"https:\/\/agromt.news\/index.php?rest_route=\/wp\/v2\/media\/22629"}],"wp:attachment":[{"href":"https:\/\/agromt.news\/index.php?rest_route=%2Fwp%2Fv2%2Fmedia&parent=22628"}],"wp:term":[{"taxonomy":"category","embeddable":true,"href":"https:\/\/agromt.news\/index.php?rest_route=%2Fwp%2Fv2%2Fcategories&post=22628"},{"taxonomy":"post_tag","embeddable":true,"href":"https:\/\/agromt.news\/index.php?rest_route=%2Fwp%2Fv2%2Ftags&post=22628"}],"curies":[{"name":"wp","href":"https:\/\/api.w.org\/{rel}","templated":true}]}}