{"id":22624,"date":"2025-10-22T04:55:26","date_gmt":"2025-10-22T08:55:26","guid":{"rendered":"https:\/\/agromt.news\/?p=22624"},"modified":"2025-10-22T04:55:26","modified_gmt":"2025-10-22T08:55:26","slug":"chuva-forte-frio-e-ventos-acima-de-50-km-h-veja-a-previsao-do-tempo","status":"publish","type":"post","link":"https:\/\/agromt.news\/?p=22624","title":{"rendered":"Chuva forte, frio e ventos acima de 50 km\/h ; veja a previs\u00e3o do tempo"},"content":{"rendered":"<p> <br \/>\n<br \/><img decoding=\"async\" src=\"https:\/\/agromt.news\/wp-content\/uploads\/2025\/10\/Pegue-o-guarda-chuva-Frente-fria-traz-temporais-e-risco-de.jpg\" \/><\/p>\n<div>\n<p>O Brasil ter\u00e1 condi\u00e7\u00f5es de tempo bastante variadas nesta quarta-feira (22). Segundo a Climatempo, o destaque fica para a chuva forte no litoral da Bahia, o frio persistente no Sudeste e ventos intensos em diferentes \u00e1reas. Enquanto isso, o calor e o ar seco voltam a ganhar for\u00e7a no Centro-Oeste e em parte do interior paulista.<\/p>\n<div data-icp-cta=\"1\" id=\"icp-cta-unique\">Voc\u00ea quer entender como usar o clima a seu favor?<b> <\/b><a href=\"https:\/\/climacampo.canalrural.com.br\/climacampo_-01\">Preparamos um e-book exclusivo<\/a> para ajudar produtores rurais a se antecipar \u00e0s mudan\u00e7as do tempo e planejar melhor suas a\u00e7\u00f5es. Com base em previs\u00f5es meteorol\u00f3gicas confi\u00e1veis, ele oferece orienta\u00e7\u00f5es pr\u00e1ticas para proteger sua lavoura e otimizar seus resultados.<\/div>\n<h2 class=\"wp-block-heading\" id=\"h-sul\">Sul<\/h2>\n<p>A circula\u00e7\u00e3o de ventos associada a uma \u00e1rea de alta press\u00e3o mant\u00e9m o tempo firme nos tr\u00eas estados do Sul. O sol predomina entre poucas nuvens, sem previs\u00e3o de chuva na maior parte do Rio Grande do Sul, Santa Catarina e Paran\u00e1.<\/p>\n<p>No entanto, pancadas fracas e isoladas podem ocorrer no litoral norte catarinense e paranaense, devido \u00e0 umidade mar\u00edtima. As temperaturas voltam a subir, principalmente no interior ga\u00facho, onde o frio d\u00e1 lugar a uma sensa\u00e7\u00e3o de tempo mais ameno e at\u00e9 calor \u00e0 tarde.<\/p>\n<p>Os ventos seguem intensos, podendo ultrapassar 50 km\/h no noroeste do Paran\u00e1 e no litoral do Rio Grande do Sul.<\/p>\n<h2 class=\"wp-block-heading\" id=\"h-sudeste\">Sudeste<\/h2>\n<p>O tempo permanece est\u00e1vel em quase toda a regi\u00e3o. Pancadas fracas e isoladas podem ocorrer no litoral de S\u00e3o Paulo, na Baixada Fluminense e no litoral do Esp\u00edrito Santo, onde a umidade mar\u00edtima mant\u00e9m o c\u00e9u encoberto. Na Serra da Mantiqueira, h\u00e1 risco de geada ao amanhecer por causa das baixas temperaturas.<\/p>\n<p>Em S\u00e3o Paulo e Minas Gerais, o sol predomina e as temperaturas sobem \u00e0 tarde, especialmente no interior, com umidade relativa do ar abaixo de 30% em v\u00e1rias cidades.<br \/>Na capital paulista, a manh\u00e3 ser\u00e1 fria, com m\u00ednima de 11 \u00b0C, e \u00e0 tarde os term\u00f4metros chegam a 24 \u00b0C, com sol entre nuvens.<\/p>\n<h2 class=\"wp-block-heading\" id=\"h-centro-oeste\">Centro-Oeste<\/h2>\n<p>A instabilidade se concentra no Mato Grosso, com pancadas de chuva moderadas a fortes, principalmente no norte do estado. J\u00e1 em Goi\u00e1s, Distrito Federal e Mato Grosso do Sul, o tempo ser\u00e1 seco e ensolarado. O calor aumenta ao longo do dia, e a umidade do ar pode atingir n\u00edveis cr\u00edticos. No Mato Grosso do Sul, rajadas de vento podem passar dos 50 km\/h, e as m\u00e1ximas superam 35 \u00b0C em cidades da metade sul.<\/p>\n<h2 class=\"wp-block-heading\" id=\"h-nordeste\">Nordeste<\/h2>\n<p>O Rec\u00f4ncavo e o Litoral Norte da Bahia seguem em alerta para chuva forte e volumosa, com risco de alagamentos e transtornos. Mesmo com o afastamento da frente fria, o fluxo de umidade ainda atua sobre a costa baiana. As chuvas tamb\u00e9m atingem Sergipe, Alagoas, Piau\u00ed e Maranh\u00e3o, de forma mais irregular e com menor intensidade. No interior do Nordeste, o tempo volta a ficar seco e quente, especialmente no Cear\u00e1, Rio Grande do Norte e Para\u00edba.<\/p>\n<h2 class=\"wp-block-heading\" id=\"h-norte\">Norte<\/h2>\n<p>As instabilidades atmosf\u00e9ricas se espalham por quase toda a regi\u00e3o, com chuvas fortes e temporais isolados ao longo do dia em Amazonas, Rond\u00f4nia, Roraima, Par\u00e1 e Tocantins.<br \/>No Amap\u00e1, o tempo segue mais aberto, sem expectativa de chuva significativa.<\/p>\n<\/p><\/div>\n<p><br \/>\n<br \/><a href=\"https:\/\/www.canalrural.com.br\/tempo\/chuva-forte-frio-e-ventos-acima-de-50-km-h-veja-a-previsao-do-tempo\/\">Source link <\/a><\/p>\n","protected":false},"excerpt":{"rendered":"<p>O Brasil ter\u00e1 condi\u00e7\u00f5es de tempo bastante variadas nesta quarta-feira (22). Segundo a Climatempo, o destaque fica para a chuva<\/p>\n","protected":false},"author":1,"featured_media":21662,"comment_status":"open","ping_status":"open","sticky":false,"template":"","format":"standard","meta":{"_monsterinsights_skip_tracking":false,"_monsterinsights_sitenote_active":false,"_monsterinsights_sitenote_note":"","_monsterinsights_sitenote_category":0,"_uf_show_specific_survey":0,"_uf_disable_surveys":false,"footnotes":""},"categories":[1],"tags":[],"class_list":["post-22624","post","type-post","status-publish","format-standard","has-post-thumbnail","hentry","category-news"],"_links":{"self":[{"href":"https:\/\/agromt.news\/index.php?rest_route=\/wp\/v2\/posts\/22624"}],"collection":[{"href":"https:\/\/agromt.news\/index.php?rest_route=\/wp\/v2\/posts"}],"about":[{"href":"https:\/\/agromt.news\/index.php?rest_route=\/wp\/v2\/types\/post"}],"author":[{"embeddable":true,"href":"https:\/\/agromt.news\/index.php?rest_route=\/wp\/v2\/users\/1"}],"replies":[{"embeddable":true,"href":"https:\/\/agromt.news\/index.php?rest_route=%2Fwp%2Fv2%2Fcomments&post=22624"}],"version-history":[{"count":0,"href":"https:\/\/agromt.news\/index.php?rest_route=\/wp\/v2\/posts\/22624\/revisions"}],"wp:featuredmedia":[{"embeddable":true,"href":"https:\/\/agromt.news\/index.php?rest_route=\/wp\/v2\/media\/21662"}],"wp:attachment":[{"href":"https:\/\/agromt.news\/index.php?rest_route=%2Fwp%2Fv2%2Fmedia&parent=22624"}],"wp:term":[{"taxonomy":"category","embeddable":true,"href":"https:\/\/agromt.news\/index.php?rest_route=%2Fwp%2Fv2%2Fcategories&post=22624"},{"taxonomy":"post_tag","embeddable":true,"href":"https:\/\/agromt.news\/index.php?rest_route=%2Fwp%2Fv2%2Ftags&post=22624"}],"curies":[{"name":"wp","href":"https:\/\/api.w.org\/{rel}","templated":true}]}}