{"id":22622,"date":"2025-10-22T01:12:25","date_gmt":"2025-10-22T05:12:25","guid":{"rendered":"https:\/\/agromt.news\/?p=22622"},"modified":"2025-10-22T01:12:25","modified_gmt":"2025-10-22T05:12:25","slug":"adapar-reforca-acoes-contra-raiva-em-rebanhos-do-parana","status":"publish","type":"post","link":"https:\/\/agromt.news\/?p=22622","title":{"rendered":"Adapar refor\u00e7a a\u00e7\u00f5es contra raiva em rebanhos do Paran\u00e1"},"content":{"rendered":"<p> <br \/>\n<\/p>\n<div>\n<p style=\"text-align:justify\">A Ag\u00eancia de Defesa Agropecu\u00e1ria do Paran\u00e1 (Adapar) atua diariamente no controle, acompanhamento de casos e planejamento das a\u00e7\u00f5es contra a raiva no Paran\u00e1. Isso envolve vigil\u00e2ncia em campo e trabalho t\u00e9cnico dos departamentos que monitoram ocorr\u00eancias e orientam as equipes regionais.\u00a0Entre as a\u00e7\u00f5es mais caracter\u00edsticas est\u00e1 a revis\u00e3o de abrigos de morcegos hemat\u00f3fagos, principal transmissor do v\u00edrus da raiva. Cavernas, furnas, bueiros, constru\u00e7\u00f5es abandonadas ou at\u00e9 troncos de \u00e1rvores s\u00e3o locais utilizados pelos morcegos para abrigar suas col\u00f4nias. A revis\u00e3o do n\u00famero de abrigos \u00e9 essencial para o controle da doen\u00e7a e exige a\u00e7\u00f5es de campo constantes realizadas pelos fiscais e assistentes da Adapar.&#13;\n<\/p>\n<p style=\"text-align:justify\">De acordo com a Divis\u00e3o de Raiva dos Herb\u00edvoros da Ag\u00eancia, o Paran\u00e1 possui mais de mil abrigos de morcegos cadastrados, sendo 951 considerados ativos, ou seja, locais onde h\u00e1 presen\u00e7a confirmada de morcegos hemat\u00f3fagos. \u201cA Adapar faz isso de forma rotineira, com revis\u00e3o uma vez por ano ou a cada dois anos em algumas situa\u00e7\u00f5es. O importante \u00e9 manter o controle atualizado e acompanhar essas popula\u00e7\u00f5es\u201d, explica a chefe da Divis\u00e3o de Raiva, Elzira Pierre.<\/p>\n<p style=\"text-align:justify\">Essas a\u00e7\u00f5es s\u00e3o realizadas muitas vezes em \u00e1reas de mata, grutas ou propriedades rurais de dif\u00edcil acesso. Munidos de equipamentos de seguran\u00e7a, lanternas e instrumentos espec\u00edficos, os fiscais e assistentes de fiscaliza\u00e7\u00e3o da Adapar entram nos abrigos para observar a presen\u00e7a dos morcegos, estimar o tamanho das col\u00f4nias e registrar informa\u00e7\u00f5es sobre a esp\u00e9cie e o comportamento dos animais.<\/p>\n<p style=\"text-align:justify\">Esse levantamento t\u00e9cnico \u00e9 essencial para identificar mudan\u00e7as na din\u00e2mica populacional e definir se h\u00e1 necessidade de interven\u00e7\u00e3o. \u00c9 importante destacar que somente a esp\u00e9cie\u00a0Desmodus rotundus\u00a0(morcego hemat\u00f3fago) pode ser manejada e tratada. As demais esp\u00e9cies s\u00e3o protegidas por lei e n\u00e3o devem ser capturadas.<\/p>\n<p style=\"text-align:justify\"><strong>PASTA VAMPIRIC\u00cdDA<\/strong>\u00a0\u2013 Mas o trabalho da Adapar n\u00e3o se limita ao monitoramento. Quando h\u00e1 ind\u00edcios da presen\u00e7a da doen\u00e7a, a resposta precisa ser imediata. Em caso de notifica\u00e7\u00f5es de casos suspeitos de raiva, a Adapar atua prontamente, direcionando equipes para as propriedades.\u00a0\u201cSe est\u00e3o ocorrendo focos na regi\u00e3o e h\u00e1 um aumento expressivo da popula\u00e7\u00e3o de morcegos, \u00e9 feita a captura e o tratamento com a pasta vampiricida. Essa resposta r\u00e1pida \u00e9 essencial para conter a dissemina\u00e7\u00e3o da doen\u00e7a\u201d, explica Elzira Pierre.<\/p>\n<p style=\"text-align:justify\">A pasta vampiricida \u00e9 aplicada de forma controlada sobre o dorso de alguns morcegos capturados. Ao retornarem \u00e0 col\u00f4nia, eles transmitem o produto aos demais por meio do h\u00e1bito de se lamberem, o que interrompe o ciclo de infec\u00e7\u00e3o.<\/p>\n<p style=\"text-align:justify\">As notifica\u00e7\u00f5es podem ocorrer tanto pela presen\u00e7a de morcegos em propriedades rurais quanto por animais de produ\u00e7\u00e3o com sintomas compat\u00edveis com a raiva. Por isso, o olhar atento do produtor \u00e9 fundamental para o funcionamento do sistema de vigil\u00e2ncia, que depende diretamente das notifica\u00e7\u00f5es feitas ao servi\u00e7o oficial.&#13;\n<\/p>\n<p style=\"text-align:justify\">A partir dessas informa\u00e7\u00f5es, a Adapar define as a\u00e7\u00f5es priorit\u00e1rias de campo, com o objetivo de proteger os rebanhos e evitar preju\u00edzos aos produtores.\u00a0\u201cO produtor notifica em caso de ataques na propriedade, e a gente investiga se existe um abrigo por perto de morcegos hemat\u00f3fagos\u201d, explica M\u00e1rcio de Andrade, assistente de Fiscaliza\u00e7\u00e3o da Adapar do Escrit\u00f3rio Regional de Cascavel, que atua diretamente na revis\u00e3o dos abrigos.<\/p>\n<p style=\"text-align:justify\">PREVEN\u00c7\u00c3O E VACINA\u00c7\u00c3O\u00a0\u2013 Al\u00e9m do controle de abrigos, a Adapar tamb\u00e9m atua de forma constante na orienta\u00e7\u00e3o sobre a vacina\u00e7\u00e3o dos animais de produ\u00e7\u00e3o. A imuniza\u00e7\u00e3o \u00e9 a principal forma de preven\u00e7\u00e3o.<\/p>\n<p style=\"text-align:justify\">O pre\u00e7o da vacina, que varia de R$ 2,00 a R$ 3,00 por dose, \u00e9 acess\u00edvel e pode ser adquirida nas casas veterin\u00e1rias. Os animais que forem vacinados pela primeira vez devem ser revacinados entre 21 e 30 dias ap\u00f3s a dose inicial. Depois disso, a vacina\u00e7\u00e3o passa a ser anual, garantindo a prote\u00e7\u00e3o cont\u00ednua contra a raiva. Para 30 munic\u00edpios da regi\u00e3o Oeste, a vacina\u00e7\u00e3o \u00e9 obrigat\u00f3ria.<\/p>\n<p style=\"text-align:justify\">\u201cA medida mais importante \u00e9 a vacina\u00e7\u00e3o dos animais contra a raiva. \u00c9 somente atrav\u00e9s da imuniza\u00e7\u00e3o que conseguimos efetivamente controlar a doen\u00e7a\u201d, refor\u00e7a a veterin\u00e1ria Lu\u00edza Coutinho Costa, fiscal de Defesa Agropecu\u00e1ria da Adapar.<\/p>\n<p style=\"text-align:justify\">Para refor\u00e7ar a vacina\u00e7\u00e3o preventiva e esclarecer informa\u00e7\u00f5es de forma educativa para apoiar os produtores, a ag\u00eancia realizou no in\u00edcio do m\u00eas uma mobiliza\u00e7\u00e3o que percorreu munic\u00edpios do Oeste do Paran\u00e1 conscientizando produtores, estudantes e profissionais sobre a doen\u00e7a.<\/p>\n<p style=\"text-align:justify\">DIAGN\u00d3STICO E MONITORAMENTO LABORATORIAL\u00a0\u2013 O diagn\u00f3stico da raiva no Estado \u00e9 realizado pelo Laborat\u00f3rio de Diagn\u00f3stico Marcos Enrietti, da pr\u00f3pria Adapar, respons\u00e1vel pelos exames que confirmam ou n\u00e3o os casos e apoiam as a\u00e7\u00f5es de campo. O laborat\u00f3rio mant\u00e9m comunica\u00e7\u00e3o direta com os departamentos de epidemiologia animal e com as secretarias municipais e estaduais da Sa\u00fade, garantindo o monitoramento conjunto dos casos e o alerta r\u00e1pido para poss\u00edveis riscos zoon\u00f3ticos.<\/p>\n<p style=\"text-align:justify\">\u201cNo laborat\u00f3rio, as amostras s\u00e3o testadas inicialmente para raiva, e os primeiros resultados saem em at\u00e9 48 horas. Isso \u00e9 essencial para as a\u00e7\u00f5es de defesa sanit\u00e1ria e de sa\u00fade p\u00fablica\u201d, explica Rubens Chaguri de Oliveira, chefe do Departamento de Laborat\u00f3rios da Adapar. \u201cCaso as amostras sejam negativas, elas seguem ainda para uma s\u00e9rie de diferenciais, para que possamos compreender o que causou a morte do animal e identificar outras doen\u00e7as com sintomas neurol\u00f3gicos semelhantes\u201d.&#13;\n<\/p>\n<p style=\"text-align:justify\">DOEN\u00c7A\u00a0\u2013 A raiva \u00e9 uma zoonose que representa risco tanto para os rebanhos quanto para as pessoas. Transmitida principalmente por morcegos hemat\u00f3fagos, a doen\u00e7a causa preju\u00edzos econ\u00f4micos aos produtores e amea\u00e7a \u00e0 sa\u00fade humana, j\u00e1 que n\u00e3o h\u00e1 cura ap\u00f3s o surgimento dos sintomas.<\/p>\n<p style=\"text-align:justify\">A Adapar refor\u00e7a que casos suspeitos devem ser notificados imediatamente, pois atua de forma preventiva e t\u00e9cnica em prol da sanidade dos rebanhos e da seguran\u00e7a da popula\u00e7\u00e3o rural. Tamb\u00e9m \u00e9 importante evitar o contato direto com morcegos e com a saliva de animais que apresentem sinais neurol\u00f3gicos, como dificuldade de locomo\u00e7\u00e3o, saliva\u00e7\u00e3o excessiva ou comportamento agressivo. Em situa\u00e7\u00f5es assim, a recomenda\u00e7\u00e3o \u00e9 manter dist\u00e2ncia e comunicar imediatamente a Adapar.<\/p>\n<\/p><\/div>\n<p><script data-cfasync=\"false\">\n    !function (f, b, e, v, n, t, s) {\n        if (f.fbq) return; n = f.fbq = function () {\n            n.callMethod ?\n                n.callMethod.apply(n, arguments) : n.queue.push(arguments)\n        };\n        if (!f._fbq) f._fbq = n; n.push = n; n.loaded = !0; n.version = '2.0';\n        n.queue = []; t = b.createElement(e); t.async = !0;\n        t.src = v; s = b.getElementsByTagName(e)[0];\n        s.parentNode.insertBefore(t, s)\n    }(window, document, 'script',\n        'https:\/\/connect.facebook.net\/en_US\/fbevents.js');\n    fbq('init', '522546078623747');\n    fbq('track', 'PageView');\n<\/script><br \/>\n<br \/><br \/>\n<br \/><a href=\"https:\/\/www.agrolink.com.br\/noticias\/morcegos-e-vacinacao--acoes-da-adapar-protegem-rebanhos-e-saude-publica-contra-a-raiva_507125.html\">Source link <\/a><\/p>\n","protected":false},"excerpt":{"rendered":"<p>A Ag\u00eancia de Defesa Agropecu\u00e1ria do Paran\u00e1 (Adapar) atua diariamente no controle, acompanhamento de casos e planejamento das a\u00e7\u00f5es contra<\/p>\n","protected":false},"author":1,"featured_media":22623,"comment_status":"open","ping_status":"open","sticky":false,"template":"","format":"standard","meta":{"_monsterinsights_skip_tracking":false,"_monsterinsights_sitenote_active":false,"_monsterinsights_sitenote_note":"","_monsterinsights_sitenote_category":0,"_uf_show_specific_survey":0,"_uf_disable_surveys":false,"footnotes":""},"categories":[8,1,14],"tags":[],"class_list":["post-22622","post","type-post","status-publish","format-standard","has-post-thumbnail","hentry","category-agro","category-news","category-politica-agro"],"_links":{"self":[{"href":"https:\/\/agromt.news\/index.php?rest_route=\/wp\/v2\/posts\/22622"}],"collection":[{"href":"https:\/\/agromt.news\/index.php?rest_route=\/wp\/v2\/posts"}],"about":[{"href":"https:\/\/agromt.news\/index.php?rest_route=\/wp\/v2\/types\/post"}],"author":[{"embeddable":true,"href":"https:\/\/agromt.news\/index.php?rest_route=\/wp\/v2\/users\/1"}],"replies":[{"embeddable":true,"href":"https:\/\/agromt.news\/index.php?rest_route=%2Fwp%2Fv2%2Fcomments&post=22622"}],"version-history":[{"count":0,"href":"https:\/\/agromt.news\/index.php?rest_route=\/wp\/v2\/posts\/22622\/revisions"}],"wp:featuredmedia":[{"embeddable":true,"href":"https:\/\/agromt.news\/index.php?rest_route=\/wp\/v2\/media\/22623"}],"wp:attachment":[{"href":"https:\/\/agromt.news\/index.php?rest_route=%2Fwp%2Fv2%2Fmedia&parent=22622"}],"wp:term":[{"taxonomy":"category","embeddable":true,"href":"https:\/\/agromt.news\/index.php?rest_route=%2Fwp%2Fv2%2Fcategories&post=22622"},{"taxonomy":"post_tag","embeddable":true,"href":"https:\/\/agromt.news\/index.php?rest_route=%2Fwp%2Fv2%2Ftags&post=22622"}],"curies":[{"name":"wp","href":"https:\/\/api.w.org\/{rel}","templated":true}]}}