{"id":22616,"date":"2025-10-21T21:09:27","date_gmt":"2025-10-22T01:09:27","guid":{"rendered":"https:\/\/agromt.news\/?p=22616"},"modified":"2025-10-21T21:09:27","modified_gmt":"2025-10-22T01:09:27","slug":"rs-projeta-alta-de-57-na-producao-de-soja","status":"publish","type":"post","link":"https:\/\/agromt.news\/?p=22616","title":{"rendered":"RS projeta alta de 57% na produ\u00e7\u00e3o de soja"},"content":{"rendered":"<p> <br \/>\n<\/p>\n<div>\n<div class=\"row\">\n<div class=\"col-lg col-infos mt-0 mt-lg-0\">\n<div class=\"section-sub-title\">\n<p itemprop=\"description\">&#13;<br \/>\n                                Tempo seco favorece preparo do solo para soja&#13;\n                            <\/p>\n<\/p><\/div>\n<div class=\"container\">\n<div class=\"row\">\n<div class=\"col-lg p-0\">\n<div>\n<div class=\"block-news-main-infos mt-3 text-start\">\n<p>                                            <strong class=\"fn\" itemprop=\"author\" style=\"color: rgb(112, 112, 112); \">&#13;<br \/>\n                                                <a href=\"https:\/\/www.agrolink.com.br\/noticias\/javascript:;\" class=\"text-uppercase\" target=\"_blank\" style=\"color: rgb(112, 112, 112); \" rel=\"noopener\">Agrolink<\/a>&#13;<br \/>\n&#13;<br \/>\n                                                    &#8211; Seane Lennon&#13;<br \/>\n&#13;<br \/>\n                                            <\/strong><br \/>\n                                        <\/p>\n<p>                                            <abbr><time datetime=\"2025 - 10 - 20T14:54\" itemprop=\"datePublished dateModified\"> Publicado em 20\/10\/2025 \u00e0s 14:54h.<\/time><\/abbr>\n                                    <\/div>\n<\/p><\/div>\n<\/p><\/div>\n<div class=\"col-lg p-0 text-lg-end\">\n<div>\n<div id=\"mdEnviarPagina\" class=\"modal fade\" role=\"dialog\">\n<div class=\"modal-dialog\">\n<div class=\"modal-content\">\n<div class=\"modal-body\">\n<p><strong>Estimado usu\u00e1rio.<\/strong><br \/>Preencha o formul\u00e1rio abaixo para remeter a p\u00e1gina.<\/p>\n<\/p><\/div>\n<\/p><\/div>\n<\/p><\/div>\n<\/div><\/div>\n<\/p><\/div>\n<\/p><\/div>\n<\/p><\/div>\n<\/p><\/div>\n<\/p><\/div>\n<div class=\"row justify-content-md-center mt-3\">\n<div class=\"col-lg-auto col-image block-news-main-image\">\n<p>                                <img decoding=\"async\" src=\"https:\/\/www.agrolink.com.br\/upload\/imagens-resizes\/fe332bc5c23441859bb15809dab93820_858x483.jpg\" class=\"lazyload img-fluid\"\/><br \/>\n                                                <span class=\"publicity-photo d-block mt-1\">Foto: Canva<\/span><\/p><\/div>\n<\/p><\/div>\n<div class=\"section-description section-description-noticias mt-3\">\n<p style=\"text-align:justify\">De acordo com o Informativo Conjuntural divulgado pela Emater\/RS-Ascar nesta quinta-feira (9), o plantio de <a href=\"https:\/\/www.agrolink.com.br\/culturas\/soja?utm_source=agrolink-detalhe-noticia&amp;utm_medium=detalhe-noticia&amp;utm_campaign=links-internos\" target=\"_blank\" rel=\"noopener\">soja<\/a> no Rio Grande do Sul ainda \u00e9 incipiente, mesmo com a abertura do per\u00edodo recomendado pelo Zoneamento Agr\u00edcola de Risco Clim\u00e1tico (ZARC). O ritmo da semeadura est\u00e1 condicionado \u00e0 prioriza\u00e7\u00e3o de outras culturas, como <a href=\"https:\/\/www.agrolink.com.br\/culturas\/milho?utm_source=agrolink-detalhe-noticia&amp;utm_medium=detalhe-noticia&amp;utm_campaign=links-internos&#9;\" target=\"_blank\" rel=\"noopener\">milho<\/a> e <a href=\"https:\/\/www.agrolink.com.br\/culturas\/arroz\/?utm_source=agrolink-detalhe-noticia&amp;utm_medium=detalhe-noticia&amp;utm_campaign=links-internos\" target=\"_blank\" rel=\"noopener\">arroz<\/a>, ao adiamento intencional para evitar per\u00edodos de menor precipita\u00e7\u00e3o e \u00e0s restri\u00e7\u00f5es de cr\u00e9dito enfrentadas pelos produtores.&#13;\n<\/p>\n<p style=\"text-align:justify\">As condi\u00e7\u00f5es clim\u00e1ticas, marcadas por tempo seco, favoreceram o preparo do solo e a desseca\u00e7\u00e3o das coberturas vegetais. O cen\u00e1rio tem permitido que os produtores organizem maquin\u00e1rio e log\u00edstica para iniciar efetivamente a semeadura nos pr\u00f3ximos dias. Pequenas \u00e1reas j\u00e1 foram implantadas na Fronteira Oeste, Miss\u00f5es, Noroeste e Regi\u00e3o Central, com emerg\u00eancia normal e vigor inicial adequado.&#13;\n<\/p>\n<p style=\"text-align:justify\">Os dados preliminares para a safra 2025\/2026 indicam recupera\u00e7\u00e3o produtiva, com produtividade m\u00e9dia estimada em 3.180 kg\/ha e manuten\u00e7\u00e3o da \u00e1rea cultivada em 6.742.236 hectares, uma varia\u00e7\u00e3o negativa de 0,80%. A produ\u00e7\u00e3o prevista \u00e9 de 21.440.133 toneladas, representando aumento de 57,14% em rela\u00e7\u00e3o ao ciclo anterior. A ligeira redu\u00e7\u00e3o da \u00e1rea plantada decorre das cota\u00e7\u00f5es abaixo da m\u00e9dia hist\u00f3rica e dos custos elevados dos seguros agr\u00edcolas.&#13;\n<\/p>\n<p style=\"text-align:justify\">Na safra 2024\/2025, a cultura registrou forte frustra\u00e7\u00e3o, principalmente na Metade Oeste do Estado, com produtividade m\u00e9dia de 2.009 kg\/ha em 6.796.916 hectares cultivados, totalizando 13.643.936 toneladas produzidas.<\/p>\n<\/p><\/div>\n<\/p><\/div>\n<p><script data-cfasync=\"false\">\n    !function (f, b, e, v, n, t, s) {\n        if (f.fbq) return; n = f.fbq = function () {\n            n.callMethod ?\n                n.callMethod.apply(n, arguments) : n.queue.push(arguments)\n        };\n        if (!f._fbq) f._fbq = n; n.push = n; n.loaded = !0; n.version = '2.0';\n        n.queue = []; t = b.createElement(e); t.async = !0;\n        t.src = v; s = b.getElementsByTagName(e)[0];\n        s.parentNode.insertBefore(t, s)\n    }(window, document, 'script',\n        'https:\/\/connect.facebook.net\/en_US\/fbevents.js');\n    fbq('init', '522546078623747');\n    fbq('track', 'PageView');\n<\/script><br \/>\n<br \/><br \/>\n<br \/><a href=\"https:\/\/www.agrolink.com.br\/noticias\/rs-projeta-alta-de-57--na-producao-de-soja_507131.html\">Source link <\/a><\/p>\n","protected":false},"excerpt":{"rendered":"<p>&#13; Tempo seco favorece preparo do solo para soja&#13; &#13; Agrolink&#13; &#13; &#8211; Seane Lennon&#13; &#13; Publicado em 20\/10\/2025 \u00e0s<\/p>\n","protected":false},"author":1,"featured_media":3986,"comment_status":"open","ping_status":"open","sticky":false,"template":"","format":"standard","meta":{"_monsterinsights_skip_tracking":false,"_monsterinsights_sitenote_active":false,"_monsterinsights_sitenote_note":"","_monsterinsights_sitenote_category":0,"_uf_show_specific_survey":0,"_uf_disable_surveys":false,"footnotes":""},"categories":[8,1,14],"tags":[],"class_list":["post-22616","post","type-post","status-publish","format-standard","has-post-thumbnail","hentry","category-agro","category-news","category-politica-agro"],"_links":{"self":[{"href":"https:\/\/agromt.news\/index.php?rest_route=\/wp\/v2\/posts\/22616"}],"collection":[{"href":"https:\/\/agromt.news\/index.php?rest_route=\/wp\/v2\/posts"}],"about":[{"href":"https:\/\/agromt.news\/index.php?rest_route=\/wp\/v2\/types\/post"}],"author":[{"embeddable":true,"href":"https:\/\/agromt.news\/index.php?rest_route=\/wp\/v2\/users\/1"}],"replies":[{"embeddable":true,"href":"https:\/\/agromt.news\/index.php?rest_route=%2Fwp%2Fv2%2Fcomments&post=22616"}],"version-history":[{"count":0,"href":"https:\/\/agromt.news\/index.php?rest_route=\/wp\/v2\/posts\/22616\/revisions"}],"wp:featuredmedia":[{"embeddable":true,"href":"https:\/\/agromt.news\/index.php?rest_route=\/wp\/v2\/media\/3986"}],"wp:attachment":[{"href":"https:\/\/agromt.news\/index.php?rest_route=%2Fwp%2Fv2%2Fmedia&parent=22616"}],"wp:term":[{"taxonomy":"category","embeddable":true,"href":"https:\/\/agromt.news\/index.php?rest_route=%2Fwp%2Fv2%2Fcategories&post=22616"},{"taxonomy":"post_tag","embeddable":true,"href":"https:\/\/agromt.news\/index.php?rest_route=%2Fwp%2Fv2%2Ftags&post=22616"}],"curies":[{"name":"wp","href":"https:\/\/api.w.org\/{rel}","templated":true}]}}