{"id":22612,"date":"2025-10-21T20:34:25","date_gmt":"2025-10-22T00:34:25","guid":{"rendered":"https:\/\/agromt.news\/?p=22612"},"modified":"2025-10-21T20:34:25","modified_gmt":"2025-10-22T00:34:25","slug":"apos-derrubada-da-mp-do-iof-governo-estuda-novas-medidas-de-taxacao","status":"publish","type":"post","link":"https:\/\/agromt.news\/?p=22612","title":{"rendered":"Ap\u00f3s derrubada da MP do IOF, governo estuda novas medidas de taxa\u00e7\u00e3o"},"content":{"rendered":"<p> <br \/>\n<br \/><img decoding=\"async\" src=\"https:\/\/agromt.news\/wp-content\/uploads\/2025\/08\/Governo-autorizara-estados-a-comprar-alimentos-afetados-por-tarifaco.jpg\" \/><\/p>\n<div>\n<p>O governo vai fatiar em dois projetos de lei a maior parte das medidas de ajuste fiscal que estavam na medida provis\u00f3ria (MP) <a href=\"https:\/\/www.canalrural.com.br\/nacional\/camara-derruba-mp-que-previa-taxacao-de-lca\/\">rejeitada pela C\u00e2mara no in\u00edcio do m\u00eas<\/a>, disse nesta ter\u00e7a-feira (21) o ministro da Fazenda, Fernando Haddad. Em entrevista \u00e0 <em>GloboNews<\/em>, ele disse que a estrat\u00e9gia busca reduzir resist\u00eancias pol\u00edticas e acelerar a tramita\u00e7\u00e3o no Congresso.<\/p>\n<p>Os dois textos, informou o ministro, devem tratar de frentes distintas: uma voltada ao controle de gastos p\u00fablicos e outra com a\u00e7\u00f5es para aumento de arrecada\u00e7\u00e3o, como a taxa\u00e7\u00e3o de bets (empresas de apostas eletr\u00f4nicas) e de fintechs (startups do setor financeiro).<\/p>\n<p>\u201cComo houve muita pol\u00eamica em torno da quest\u00e3o de despesa e receita no mesmo diploma legal, a decis\u00e3o prov\u00e1vel \u00e9 dividir entre dois projetos de lei\u201d, disse Haddad \u00e0 GloboNews.<br \/>O ministro afirmou que as propostas podem ser enviadas ainda nesta ter\u00e7a-feira. Segundo ele, parte dos deputados j\u00e1 se mostrou disposta a incluir os temas em projetos que est\u00e3o em tramita\u00e7\u00e3o, o que pode acelerar as vota\u00e7\u00f5es.<\/p>\n<h2 class=\"wp-block-heading\" id=\"h-foco-na-arrecadacao-e-corte-de-gastos\">Foco na arrecada\u00e7\u00e3o e corte de gastos<\/h2>\n<p>Segundo Haddad, a revis\u00e3o de gastos pode gerar entre R$ 15 bilh\u00f5es e R$ 20 bilh\u00f5es em economia, enquanto a taxa\u00e7\u00e3o de bets e fintechs deve render cerca de R$ 3,2 bilh\u00f5es no pr\u00f3ximo ano, R$ 1,7 bilh\u00e3o das apostas e R$ 1,58 bilh\u00e3o das plataformas financeiras.<\/p>\n<p>A equipe econ\u00f4mica avalia que a separa\u00e7\u00e3o dos projetos permitir\u00e1 votar primeiro os pontos de maior consenso, evitando que temas mais pol\u00eamicos travem o pacote. Ficam de fora, por ora, mudan\u00e7as na tributa\u00e7\u00e3o de ativos financeiros, como o fim da isen\u00e7\u00e3o para t\u00edtulos isentos, como Letras de Cr\u00e9dito Imobili\u00e1rio (LCI) e Letras de Cr\u00e9dito do Agroneg\u00f3cio (LCA), um dos principais focos de tens\u00e3o durante a tramita\u00e7\u00e3o da MP original.<\/p>\n<h2 class=\"wp-block-heading\" id=\"h-impasse-orcamentario\">Impasse or\u00e7ament\u00e1rio<\/h2>\n<p>Mais cedo, Haddad declarou que o governo deve definir ainda nesta ter\u00e7a uma solu\u00e7\u00e3o para o impasse do Or\u00e7amento de 2026, ap\u00f3s a MP que previa aumento de impostos perder a validade sem ser votada.<\/p>\n<p>\u201cA Casa Civil e a Fazenda est\u00e3o reunidas para processar o que foi discutido com os l\u00edderes. At\u00e9 o come\u00e7o da tarde teremos uma defini\u00e7\u00e3o do que fazer, porque essas leis todas t\u00eam que estar harmonizadas: quanto ter\u00e1 de despesa, quanto ter\u00e1 de receita\u201d, afirmou.<\/p>\n<p>A proposta or\u00e7ament\u00e1ria do pr\u00f3ximo ano, em an\u00e1lise no Congresso, prev\u00ea super\u00e1vit prim\u00e1rio de 0,25% do PIB, cerca de R$ 34,5 bilh\u00f5es. Haddad defende que o pa\u00eds entregue um resultado positivo em 2026, ap\u00f3s anos de d\u00e9ficit.<\/p>\n<p>\u201cPrecisamos dar uma \u00faltima volta nesse parafuso. Entregar um or\u00e7amento com resultado prim\u00e1rio positivo \u00e9 importante diante do que aconteceu no passado recente\u201d, disse o ministro.<\/p>\n<p>Os novos projetos devem compor a base de ajuste fiscal que sustentar\u00e1 o Or\u00e7amento de 2026, cuja vota\u00e7\u00e3o est\u00e1 prevista para novembro. O Pal\u00e1cio do Planalto espera que, ao dividir as propostas, as medidas de maior consenso avancem mais rapidamente e reconstruam parte do plano fiscal frustrado pela rejei\u00e7\u00e3o da MP do IOF.<\/p>\n<\/p><\/div>\n<p><br \/>\n<br \/><a href=\"https:\/\/www.canalrural.com.br\/diversos\/apos-derrubada-da-mp-do-iof-governo-estuda-novas-medidas-de-taxacao\/\">Source link <\/a><\/p>\n","protected":false},"excerpt":{"rendered":"<p>O governo vai fatiar em dois projetos de lei a maior parte das medidas de ajuste fiscal que estavam na<\/p>\n","protected":false},"author":1,"featured_media":17905,"comment_status":"open","ping_status":"open","sticky":false,"template":"","format":"standard","meta":{"_monsterinsights_skip_tracking":false,"_monsterinsights_sitenote_active":false,"_monsterinsights_sitenote_note":"","_monsterinsights_sitenote_category":0,"_uf_show_specific_survey":0,"_uf_disable_surveys":false,"footnotes":""},"categories":[1],"tags":[],"class_list":["post-22612","post","type-post","status-publish","format-standard","has-post-thumbnail","hentry","category-news"],"_links":{"self":[{"href":"https:\/\/agromt.news\/index.php?rest_route=\/wp\/v2\/posts\/22612"}],"collection":[{"href":"https:\/\/agromt.news\/index.php?rest_route=\/wp\/v2\/posts"}],"about":[{"href":"https:\/\/agromt.news\/index.php?rest_route=\/wp\/v2\/types\/post"}],"author":[{"embeddable":true,"href":"https:\/\/agromt.news\/index.php?rest_route=\/wp\/v2\/users\/1"}],"replies":[{"embeddable":true,"href":"https:\/\/agromt.news\/index.php?rest_route=%2Fwp%2Fv2%2Fcomments&post=22612"}],"version-history":[{"count":0,"href":"https:\/\/agromt.news\/index.php?rest_route=\/wp\/v2\/posts\/22612\/revisions"}],"wp:featuredmedia":[{"embeddable":true,"href":"https:\/\/agromt.news\/index.php?rest_route=\/wp\/v2\/media\/17905"}],"wp:attachment":[{"href":"https:\/\/agromt.news\/index.php?rest_route=%2Fwp%2Fv2%2Fmedia&parent=22612"}],"wp:term":[{"taxonomy":"category","embeddable":true,"href":"https:\/\/agromt.news\/index.php?rest_route=%2Fwp%2Fv2%2Fcategories&post=22612"},{"taxonomy":"post_tag","embeddable":true,"href":"https:\/\/agromt.news\/index.php?rest_route=%2Fwp%2Fv2%2Ftags&post=22612"}],"curies":[{"name":"wp","href":"https:\/\/api.w.org\/{rel}","templated":true}]}}