{"id":22609,"date":"2025-10-21T20:03:47","date_gmt":"2025-10-22T00:03:47","guid":{"rendered":"https:\/\/agromt.news\/?p=22609"},"modified":"2025-10-21T20:03:47","modified_gmt":"2025-10-22T00:03:47","slug":"exportacoes-sustentam-firmeza-nos-precos-do-boi-gordo-no-pais","status":"publish","type":"post","link":"https:\/\/agromt.news\/?p=22609","title":{"rendered":"Exporta\u00e7\u00f5es sustentam firmeza nos pre\u00e7os do boi gordo no pa\u00eds"},"content":{"rendered":"<p> <br \/>\n<br \/><img decoding=\"async\" src=\"https:\/\/agromt.news\/wp-content\/uploads\/2024\/09\/boi-gordo-giro-do-boi.jpg\" \/><\/p>\n<div>\n<p>Nesta ter\u00e7a-feira (21), o mercado f\u00edsico do boi gordo voltou a registrar neg\u00f3cios acima da refer\u00eancia m\u00e9dia, com destaque para Mato Grosso do Sul, Goi\u00e1s e Tocantins. Em S\u00e3o Paulo, os pre\u00e7os permaneceram sustentados, apoiados pela boa disponibilidade de animais terminados em confinamento e pela posi\u00e7\u00e3o confort\u00e1vel das escalas de abate nos frigor\u00edficos de maior porte, impulsionadas por animais de parceria.<\/p>\n<p>De acordo com o analista Fernando Henrique Iglesias, da <a href=\"https:\/\/safras.com.br\/\">Safras &amp; Mercado<\/a>, <a href=\"https:\/\/www.canalrural.com.br\/pecuaria\/demanda-firme-mantem-precos-do-boi-gordo-e-do-atacado\/\">as exporta\u00e7\u00f5es continuam como um fator determinante<\/a> para o bom desempenho do setor, com forte ritmo de embarques ao longo de 2025.<\/p>\n<h3 class=\"wp-block-heading\" id=\"h-precos-do-boi-gordo-arroba\"><strong>Pre\u00e7os do boi gordo (arroba)<\/strong><\/h3>\n<ul class=\"wp-block-list\">\n<li><strong>S\u00e3o Paulo:<\/strong> R$ 313,20 (modalidade a prazo)<\/li>\n<li><strong>Goi\u00e1s:<\/strong> R$ 301,43<\/li>\n<li><strong>Minas Gerais:<\/strong> R$ 303,82<\/li>\n<li><strong>Mato Grosso do Sul:<\/strong> R$ 325,34<\/li>\n<li><strong>Mato Grosso:<\/strong> R$ 298,64<\/li>\n<\/ul>\n<h3 class=\"wp-block-heading\" id=\"h-mercado-atacadista\"><strong>Mercado atacadista<\/strong><\/h3>\n<p>O mercado atacadista da carne bovina segue firme nesta semana. A expectativa \u00e9 de continuidade do movimento de alta no curto prazo, acompanhando o aquecimento do consumo dom\u00e9stico t\u00edpico do fim de ano.<\/p>\n<p>A chegada do d\u00e9cimo terceiro sal\u00e1rio, o aumento de vagas tempor\u00e1rias e as confraterniza\u00e7\u00f5es de fim de ano contribuem para maior circula\u00e7\u00e3o de dinheiro e melhora na reposi\u00e7\u00e3o entre atacado e varejo.<\/p>\n<ul class=\"wp-block-list\">\n<li><strong>Quarto traseiro:<\/strong> R$ 25,00\/kg<\/li>\n<li><strong>Ponta de agulha:<\/strong> R$ 17,00\/kg<\/li>\n<li><strong>Quarto dianteiro:<\/strong> R$ 18,20\/kg<\/li>\n<\/ul>\n<h3 class=\"wp-block-heading\" id=\"h-cambio\"><strong>C\u00e2mbio<\/strong><\/h3>\n<p>O d\u00f3lar comercial encerrou a sess\u00e3o em alta de 0,36%, cotado a R$ 5,3899 para venda e R$ 5,3879 para compra. Durante o dia, a moeda norte-americana oscilou entre a m\u00ednima de R$ 5,3699 e a m\u00e1xima de R$ 5,4044.<\/p>\n<\/p><\/div>\n<p><br \/>\n<br \/><a href=\"https:\/\/www.canalrural.com.br\/pecuaria\/exportacoes-sustentam-firmeza-nos-precos-do-boi-gordo-no-pais\/\">Source link <\/a><\/p>\n","protected":false},"excerpt":{"rendered":"<p>Nesta ter\u00e7a-feira (21), o mercado f\u00edsico do boi gordo voltou a registrar neg\u00f3cios acima da refer\u00eancia m\u00e9dia, com destaque para<\/p>\n","protected":false},"author":1,"featured_media":2347,"comment_status":"open","ping_status":"open","sticky":false,"template":"","format":"standard","meta":{"_monsterinsights_skip_tracking":false,"_monsterinsights_sitenote_active":false,"_monsterinsights_sitenote_note":"","_monsterinsights_sitenote_category":0,"_uf_show_specific_survey":0,"_uf_disable_surveys":false,"footnotes":""},"categories":[1],"tags":[],"class_list":["post-22609","post","type-post","status-publish","format-standard","has-post-thumbnail","hentry","category-news"],"_links":{"self":[{"href":"https:\/\/agromt.news\/index.php?rest_route=\/wp\/v2\/posts\/22609"}],"collection":[{"href":"https:\/\/agromt.news\/index.php?rest_route=\/wp\/v2\/posts"}],"about":[{"href":"https:\/\/agromt.news\/index.php?rest_route=\/wp\/v2\/types\/post"}],"author":[{"embeddable":true,"href":"https:\/\/agromt.news\/index.php?rest_route=\/wp\/v2\/users\/1"}],"replies":[{"embeddable":true,"href":"https:\/\/agromt.news\/index.php?rest_route=%2Fwp%2Fv2%2Fcomments&post=22609"}],"version-history":[{"count":0,"href":"https:\/\/agromt.news\/index.php?rest_route=\/wp\/v2\/posts\/22609\/revisions"}],"wp:featuredmedia":[{"embeddable":true,"href":"https:\/\/agromt.news\/index.php?rest_route=\/wp\/v2\/media\/2347"}],"wp:attachment":[{"href":"https:\/\/agromt.news\/index.php?rest_route=%2Fwp%2Fv2%2Fmedia&parent=22609"}],"wp:term":[{"taxonomy":"category","embeddable":true,"href":"https:\/\/agromt.news\/index.php?rest_route=%2Fwp%2Fv2%2Fcategories&post=22609"},{"taxonomy":"post_tag","embeddable":true,"href":"https:\/\/agromt.news\/index.php?rest_route=%2Fwp%2Fv2%2Ftags&post=22609"}],"curies":[{"name":"wp","href":"https:\/\/api.w.org\/{rel}","templated":true}]}}