{"id":22606,"date":"2025-10-21T19:35:00","date_gmt":"2025-10-21T23:35:00","guid":{"rendered":"https:\/\/agromt.news\/?p=22606"},"modified":"2025-10-21T19:35:00","modified_gmt":"2025-10-21T23:35:00","slug":"governo-prorroga-prazo-para-georreferenciamento-de-imoveis-rurais","status":"publish","type":"post","link":"https:\/\/agromt.news\/?p=22606","title":{"rendered":"Governo prorroga prazo para georreferenciamento de im\u00f3veis rurais"},"content":{"rendered":"<p> <br \/>\n<br \/><img decoding=\"async\" src=\"https:\/\/agromt.news\/wp-content\/uploads\/2025\/04\/Na-Agrishow-Alckmin-promete-empenho-pelo-Plano-Safra.jpg\" \/><\/p>\n<div>\n<p>O presidente da Rep\u00fablica em exerc\u00edcio, Geraldo Alckmin, assinou nesta ter\u00e7a-feira (21) o Decreto n\u00ba 12.589, que prorroga por mais quatro anos, at\u00e9 outubro de 2029, o prazo para a exig\u00eancia do georreferenciamento de im\u00f3veis rurais em casos de transfer\u00eancia, como venda, doa\u00e7\u00e3o ou desmembramento. A medida foi publicada em edi\u00e7\u00e3o extra do Di\u00e1rio Oficial da Uni\u00e3o.<\/p>\n<p>Segundo Alckmin, a decis\u00e3o atende \u00e0 demanda de produtores que ainda n\u00e3o conseguiram realizar o processo de certifica\u00e7\u00e3o devido ao alto custo e \u00e0 complexidade t\u00e9cnica envolvida.<br \/>\u201cAssinei o decreto porque esta semana venceria o prazo para o georreferenciamento das propriedades rurais. Isso d\u00e1 um prazo mais longo para que todos possam se adequar \u00e0 lei e promover o georreferenciamento\u201d, afirmou o presidente em exerc\u00edcio.<\/p>\n<p>O georreferenciamento \u00e9 o processo t\u00e9cnico que define a localiza\u00e7\u00e3o, os limites e as dimens\u00f5es de um im\u00f3vel rural por meio de coordenadas geogr\u00e1ficas obtidas com GPS de alta precis\u00e3o, drones ou imagens de sat\u00e9lite.<\/p>\n<p>A exig\u00eancia foi criada para garantir a exatid\u00e3o dos limites das propriedades e evitar sobreposi\u00e7\u00e3o de \u00e1reas, sendo obrigat\u00f3ria em transa\u00e7\u00f5es como venda, heran\u00e7a, registro e obten\u00e7\u00e3o de cr\u00e9dito rural.<\/p>\n<p>A prorroga\u00e7\u00e3o foi proposta pelo Minist\u00e9rio do Desenvolvimento Agr\u00e1rio e Agricultura Familiar (MDA) ap\u00f3s relatos de dificuldades enfrentadas, sobretudo por pequenos propriet\u00e1rios, para cumprir a exig\u00eancia.<\/p>\n<p>Com a nova regra, o georreferenciamento nas situa\u00e7\u00f5es de desmembramento, parcelamento, remembramento ou transfer\u00eancia de im\u00f3veis rurais s\u00f3 ser\u00e1 obrigat\u00f3rio a partir de 21 de novembro de 2029.<\/p>\n<p>O decreto tamb\u00e9m unifica o prazo para im\u00f3veis de todas as dimens\u00f5es, o que, segundo o governo, permitir\u00e1 mais tempo de planejamento e adequa\u00e7\u00e3o para os produtores rurais.<\/p>\n<\/p><\/div>\n<p><br \/>\n<br \/><a href=\"https:\/\/www.canalrural.com.br\/nacional\/governo-prorroga-prazo-para-georreferenciamento-de-imoveis-rurais\/\">Source link <\/a><\/p>\n","protected":false},"excerpt":{"rendered":"<p>O presidente da Rep\u00fablica em exerc\u00edcio, Geraldo Alckmin, assinou nesta ter\u00e7a-feira (21) o Decreto n\u00ba 12.589, que prorroga por mais<\/p>\n","protected":false},"author":1,"featured_media":12943,"comment_status":"open","ping_status":"open","sticky":false,"template":"","format":"standard","meta":{"_monsterinsights_skip_tracking":false,"_monsterinsights_sitenote_active":false,"_monsterinsights_sitenote_note":"","_monsterinsights_sitenote_category":0,"_uf_show_specific_survey":0,"_uf_disable_surveys":false,"footnotes":""},"categories":[1],"tags":[],"class_list":["post-22606","post","type-post","status-publish","format-standard","has-post-thumbnail","hentry","category-news"],"_links":{"self":[{"href":"https:\/\/agromt.news\/index.php?rest_route=\/wp\/v2\/posts\/22606"}],"collection":[{"href":"https:\/\/agromt.news\/index.php?rest_route=\/wp\/v2\/posts"}],"about":[{"href":"https:\/\/agromt.news\/index.php?rest_route=\/wp\/v2\/types\/post"}],"author":[{"embeddable":true,"href":"https:\/\/agromt.news\/index.php?rest_route=\/wp\/v2\/users\/1"}],"replies":[{"embeddable":true,"href":"https:\/\/agromt.news\/index.php?rest_route=%2Fwp%2Fv2%2Fcomments&post=22606"}],"version-history":[{"count":0,"href":"https:\/\/agromt.news\/index.php?rest_route=\/wp\/v2\/posts\/22606\/revisions"}],"wp:featuredmedia":[{"embeddable":true,"href":"https:\/\/agromt.news\/index.php?rest_route=\/wp\/v2\/media\/12943"}],"wp:attachment":[{"href":"https:\/\/agromt.news\/index.php?rest_route=%2Fwp%2Fv2%2Fmedia&parent=22606"}],"wp:term":[{"taxonomy":"category","embeddable":true,"href":"https:\/\/agromt.news\/index.php?rest_route=%2Fwp%2Fv2%2Fcategories&post=22606"},{"taxonomy":"post_tag","embeddable":true,"href":"https:\/\/agromt.news\/index.php?rest_route=%2Fwp%2Fv2%2Ftags&post=22606"}],"curies":[{"name":"wp","href":"https:\/\/api.w.org\/{rel}","templated":true}]}}