{"id":22602,"date":"2025-10-21T19:04:41","date_gmt":"2025-10-21T23:04:41","guid":{"rendered":"https:\/\/agromt.news\/?p=22602"},"modified":"2025-10-21T19:04:41","modified_gmt":"2025-10-21T23:04:41","slug":"faltando-20-dias-para-cop30-paises-ainda-nao-entregaram-metas-climaticas","status":"publish","type":"post","link":"https:\/\/agromt.news\/?p=22602","title":{"rendered":"Faltando 20 dias para COP30, pa\u00edses ainda n\u00e3o entregaram metas clim\u00e1ticas"},"content":{"rendered":"<p> <br \/>\n<br \/><img decoding=\"async\" src=\"https:\/\/agromt.news\/wp-content\/uploads\/2025\/05\/comunidades-da-Amazonia-sofrem-com-falta-de-agua-potavel-e.jpg\" \/><\/p>\n<div>\n<p>A menos de tr\u00eas semanas para a COP30, que ser\u00e1 realizada em <a href=\"https:\/\/www.canalrural.com.br\/tag\/belem\/\">Bel\u00e9m<\/a>, <a href=\"https:\/\/www.canalrural.com.br\/tag\/para\/\">Par\u00e1<\/a>, pa\u00edses ainda n\u00e3o apresentaram suas Contribui\u00e7\u00f5es Nacionalmente Determinadas (NDCs), que indicam metas de redu\u00e7\u00e3o de emiss\u00f5es de gases de efeito estufa.<\/p>\n<p>Em discurso oficial, o presidente Lula destacou que a confer\u00eancia ser\u00e1 um momento de comprovar o comprometimento global com o futuro sustent\u00e1vel. \u201cSer\u00e1 a COP da verdade. Ser\u00e1 o momento de l\u00edderes mundiais provarem seriedade de seu compromisso com o planeta\u201d, afirmou.<\/p>\n<p>Segundo Lula, o Brasil j\u00e1 se comprometeu a reduzir entre 59% e 67% das emiss\u00f5es, abrangendo todos os gases de efeito estufa e setores da economia.<\/p>\n<p>De acordo com o <em>head of agribusiness<\/em>, Renato Rodrigues, a COP \u00e9 um processo de diplomacia multilateral que ocorre desde 1995, delega\u00e7\u00f5es de quase 200 pa\u00edses se re\u00fanem para combater as mudan\u00e7as clim\u00e1ticas sem comprometer o crescimento econ\u00f4mico global.<\/p>\n<p>Rodrigues afirma que, a quest\u00e3o pode parecer simples, mas envolve decis\u00f5es complexas que impactam tanto o meio ambiente quanto o desenvolvimento das na\u00e7\u00f5es, exigindo negocia\u00e7\u00f5es delicadas e solu\u00e7\u00f5es colaborativas entre os l\u00edderes mundiais.<\/p>\n<figure class=\"wp-block-embed wp-embed-aspect-16-9 wp-has-aspect-ratio  is-type-video is-provider-youtube wp-block-embed-youtube\"\/>\n<p>Rodrigues ressalta que, embora complexo e lento, o processo permite que todos os pa\u00edses tenham igualdade de condi\u00e7\u00f5es nas negocia\u00e7\u00f5es. A COP30 representa ainda a oportunidade hist\u00f3rica de o Brasil liderar discuss\u00f5es globais sobre clima e sustentabilidade, assumindo a presid\u00eancia do processo at\u00e9 2026.<\/p>\n<p>O processo envolve grupos de trabalho, plen\u00e1rias, reuni\u00f5es informais e negocia\u00e7\u00f5es nos bastidores. Cada documento, como uma resolu\u00e7\u00e3o da COP, \u00e9 debatido palavra por palavra e precisa ser aprovado por consenso. Esse processo \u00e9 lento e complexo, mas \u00e9 o \u00fanico que garante que todos os pa\u00edses tenham condi\u00e7\u00f5es iguais de debate, tornando a COP um espelho da pol\u00edtica internacional e da tentativa humana de cooperar diante de um desafio comum.<\/p>\n<h2 class=\"wp-block-heading\" id=\"h-importancia-historica\">Import\u00e2ncia hist\u00f3rica<\/h2>\n<p>Ao longo da hist\u00f3ria, a COP criou mecanismos importantes, como o Protocolo de Kyoto, em 1997, que estabeleceu metas obrigat\u00f3rias de redu\u00e7\u00e3o para pa\u00edses desenvolvidos, e o Acordo de Paris, em 2015, que ampliou o sistema de metas volunt\u00e1rias conhecidas como NDCs. Desde Paris, o modelo passou de comando para coordena\u00e7\u00e3o, e hoje o mundo entra em uma era de presta\u00e7\u00e3o de contas, saindo da fase de promessas para mostrar resultados concretos.<\/p>\n<h2 class=\"wp-block-heading\" id=\"h-brasil-na-lideranca-das-negociacoes\">Brasil na lideran\u00e7a das negocia\u00e7\u00f5es<\/h2>\n<p>A COP30, marca um novo ciclo do regime clim\u00e1tico global, 33 anos ap\u00f3s a Rio 92, com o Brasil assumindo a presid\u00eancia do processo at\u00e9 a pr\u00f3xima COP em 2026. O evento representa uma oportunidade hist\u00f3rica de mostrar que o multilateralismo ainda funciona e que os pa\u00edses podem cooperar, com o Brasil liderando pela ci\u00eancia, diplomacia e resultados.<\/p>\n<h2 class=\"wp-block-heading\" id=\"h-expectativa-para-a-cop30\">Expectativa para a COP30<\/h2>\n<p>Embora a COP n\u00e3o tenha temas espec\u00edficos, a expectativa \u00e9 que seja \u201ca COP da coer\u00eancia\u201d. Mais do que uma confer\u00eancia sobre o clima, a COP \u00e9 o esfor\u00e7o cont\u00ednuo da humanidade para negociar seu pr\u00f3prio futuro, buscando entendimento e coopera\u00e7\u00e3o, mesmo diante de diferen\u00e7as. O clima \u00e9 o desafio do s\u00e9culo, e a coopera\u00e7\u00e3o multilateral permanece como a \u00fanica resposta poss\u00edvel.<\/p>\n<\/p><\/div>\n<p><br \/>\n<br \/><a href=\"https:\/\/www.canalrural.com.br\/cop30\/faltando-20-dias-para-cop30-paises-ainda-nao-entregaram-metas-climaticas\/\">Source link <\/a><\/p>\n","protected":false},"excerpt":{"rendered":"<p>A menos de tr\u00eas semanas para a COP30, que ser\u00e1 realizada em Bel\u00e9m, Par\u00e1, pa\u00edses ainda n\u00e3o apresentaram suas Contribui\u00e7\u00f5es<\/p>\n","protected":false},"author":1,"featured_media":13241,"comment_status":"open","ping_status":"open","sticky":false,"template":"","format":"standard","meta":{"_monsterinsights_skip_tracking":false,"_monsterinsights_sitenote_active":false,"_monsterinsights_sitenote_note":"","_monsterinsights_sitenote_category":0,"_uf_show_specific_survey":0,"_uf_disable_surveys":false,"footnotes":""},"categories":[1],"tags":[],"class_list":["post-22602","post","type-post","status-publish","format-standard","has-post-thumbnail","hentry","category-news"],"_links":{"self":[{"href":"https:\/\/agromt.news\/index.php?rest_route=\/wp\/v2\/posts\/22602"}],"collection":[{"href":"https:\/\/agromt.news\/index.php?rest_route=\/wp\/v2\/posts"}],"about":[{"href":"https:\/\/agromt.news\/index.php?rest_route=\/wp\/v2\/types\/post"}],"author":[{"embeddable":true,"href":"https:\/\/agromt.news\/index.php?rest_route=\/wp\/v2\/users\/1"}],"replies":[{"embeddable":true,"href":"https:\/\/agromt.news\/index.php?rest_route=%2Fwp%2Fv2%2Fcomments&post=22602"}],"version-history":[{"count":0,"href":"https:\/\/agromt.news\/index.php?rest_route=\/wp\/v2\/posts\/22602\/revisions"}],"wp:featuredmedia":[{"embeddable":true,"href":"https:\/\/agromt.news\/index.php?rest_route=\/wp\/v2\/media\/13241"}],"wp:attachment":[{"href":"https:\/\/agromt.news\/index.php?rest_route=%2Fwp%2Fv2%2Fmedia&parent=22602"}],"wp:term":[{"taxonomy":"category","embeddable":true,"href":"https:\/\/agromt.news\/index.php?rest_route=%2Fwp%2Fv2%2Fcategories&post=22602"},{"taxonomy":"post_tag","embeddable":true,"href":"https:\/\/agromt.news\/index.php?rest_route=%2Fwp%2Fv2%2Ftags&post=22602"}],"curies":[{"name":"wp","href":"https:\/\/api.w.org\/{rel}","templated":true}]}}