{"id":22596,"date":"2025-10-21T18:02:52","date_gmt":"2025-10-21T22:02:52","guid":{"rendered":"https:\/\/agromt.news\/?p=22596"},"modified":"2025-10-21T18:02:52","modified_gmt":"2025-10-21T22:02:52","slug":"brasil-seguira-como-referencia-agroalimentar-nas-americas-afirma-diretor-geral-do-iica","status":"publish","type":"post","link":"https:\/\/agromt.news\/?p=22596","title":{"rendered":"&#8216;Brasil seguir\u00e1 como refer\u00eancia agroalimentar nas Am\u00e9ricas&#8217;, afirma diretor-geral do IICA"},"content":{"rendered":"<p> <br \/>\n<br \/><img decoding=\"async\" src=\"https:\/\/agromt.news\/wp-content\/uploads\/2025\/10\/Brasil-seguira-como-referencia-agroalimentar-nas-Americas-afirma-diretor-geral-do.jpeg\" \/><\/p>\n<div>\n<p>Prestes a concluir sua gest\u00e3o \u00e0 frente do Instituto Interamericano de Coopera\u00e7\u00e3o para a Agricultura (IICA), o diretor-geral Manuel Otero compartilha suas perspectivas sobre o Brasil. Para ele, o pa\u00eds seguir\u00e1 como uma pot\u00eancia agroalimentar e refer\u00eancia em agricultura sustent\u00e1vel.<\/p>\n<p>\u201cO Brasil talvez seja o ator mais importante no universo agro das Am\u00e9ricas\u201d, afirma. A declara\u00e7\u00e3o ao <em>Canal Rural<\/em> antecede a Confer\u00eancia de Ministros da Agricultura das Am\u00e9ricas, que ocorre em Bras\u00edlia, de 3 a 5 de novembro. De acordo com o diretor-geral do IICA, a oportunidade \u00e9 \u00fanica, j\u00e1 que a reuni\u00e3o deve reunir cerca de 25 ministros e vice-ministros de Agricultura, algo que n\u00e3o acontece em outros encontros deste tipo.<\/p>\n<p>Al\u00e9m disso, Otero tamb\u00e9m adiantou que um acordo com a Embrapa deve ser assinado em breve. \u201cPossivelmente, teremos um escrit\u00f3rio da <a href=\"https:\/\/www.canalrural.com.br\/tag\/embrapa\/\">Embrapa<\/a> na sede central do IICA. Essas duas institui\u00e7\u00f5es, com respeito e colabora\u00e7\u00e3o, ampliam a dimens\u00e3o hemisf\u00e9rica da tecnologia agr\u00edcola\u201d.<\/p>\n<h3 class=\"wp-block-heading\" id=\"h-foco-na-construcao-de-pontes\">Foco na constru\u00e7\u00e3o de pontes<\/h3>\n<p>A reuni\u00e3o ministerial de novembro tem o objetivo de criar uma nova narrativa para o agro das Am\u00e9ricas. No entanto, Otero alerta para desafios e contradi\u00e7\u00f5es que cercam a atividade. <\/p>\n<p>\u201cA regi\u00e3o lidera as exporta\u00e7\u00f5es mundiais de alimentos, mas a agricultura latino-americana ainda carrega a imagem de simples fornecedora de commodities, ligada \u00e0 destrui\u00e7\u00e3o ambiental e sem diferencia\u00e7\u00e3o\u201d, diz. Para o diretor-geral do IICA, o setor precisa ser autocr\u00edtico, mas tamb\u00e9m deve se orgulhar do que construiu at\u00e9 aqui.<\/p>\n<p>A solu\u00e7\u00e3o, por\u00e9m, est\u00e1 na constru\u00e7\u00e3o de pontes entre o setor produtivo e o consumidor final. \u201c\u00c9 isso que vamos discutir na reuni\u00e3o, atrav\u00e9s de duas sess\u00f5es para debater o escopo da nova narrativa e gerar ideias sobre a nova gera\u00e7\u00e3o de pol\u00edticas p\u00fablicas que ainda faltam\u201d, ressalta.<\/p>\n<p>Otero destaca ainda que os ministros de agricultura devem saber onde colocar o foco da narrativa do agro. Segundo ele, a estrat\u00e9gia comunicacional tem que ser mais agressiva e as novas gera\u00e7\u00f5es devem ser envolvidas no processo.<\/p>\n<h3 class=\"wp-block-heading\" id=\"h-cooperacao-para-uma-agricultura-mais-sustentavel\">Coopera\u00e7\u00e3o para uma agricultura mais sustent\u00e1vel<\/h3>\n<p>Se por um lado o Brasil figura como um dos grandes exportadores de alimentos, outros pa\u00edses da regi\u00e3o dependem fortemente da importa\u00e7\u00e3o para garantir a seguran\u00e7a alimentar interna. Conforme dados da Comiss\u00e3o Econ\u00f4mica para a Am\u00e9rica Latina e o Caribe (Cepal), em 12 pa\u00edses do Caribe as importa\u00e7\u00f5es de alimentos representam mais de 20% do total exportado.<\/p>\n<p>O IICA desempenha papel central nesse processo, em parceria com a Embrapa, refer\u00eancia internacional em pesquisa agropecu\u00e1ria. \u201cA institui\u00e7\u00e3o \u00e9 amplamente reconhecida e admirada no continente. Todos buscam firmar acordos com ela, e o IICA atua como ponte entre a Embrapa e as demandas tecnol\u00f3gicas dos pa\u00edses\u201d, afirma Otero.<\/p>\n<h3 class=\"wp-block-heading\" id=\"h-cop30-e-o-futuro-das-americas\">COP30 e o futuro das Am\u00e9ricas<\/h3>\n<p>Em rela\u00e7\u00e3o \u00e0 <a href=\"https:\/\/www.canalrural.com.br\/tag\/cop30\/\">COP30<\/a>, confer\u00eancia do clima das Na\u00e7\u00f5es Unidas, a avalia\u00e7\u00e3o \u00e9 de otimismo. Para o diretor-geral do IICA, o evento ser\u00e1 uma oportunidade para mostrar que a agricultura das Am\u00e9ricas est\u00e1 em transforma\u00e7\u00e3o, e que o Brasil deve ter papel de destaque nesse processo.<\/p>\n<p>\u201cN\u00e3o \u00e9 apenas ret\u00f3rica. O plantio direto em todo o Mercosul, sistemas agroflorestais, melhoramento gen\u00e9tico animal e melhorias em pastagens s\u00e3o avan\u00e7os concretos. Queremos mostrar que a agricultura est\u00e1 se transformando e que o Brasil ter\u00e1 papel relevante na defesa da agricultura sustent\u00e1vel\u201d, pontua.<\/p>\n<p>Otero tamb\u00e9m adiantou alguns temas que devem orientar o futuro do IICA ap\u00f3s o fim de sua gest\u00e3o. \u201cAs prioridades podem variar entre os pa\u00edses, mas devem incluir a agricultura digital, sustent\u00e1vel e resiliente, com foco nas pessoas, al\u00e9m de aten\u00e7\u00e3o \u00e0s quest\u00f5es comerciais, sanit\u00e1rias e aos sistemas produtivos\u201d, conclui.<\/p>\n<\/p><\/div>\n<p><br \/>\n<br \/><a href=\"https:\/\/www.canalrural.com.br\/agricultura\/brasil-seguira-como-referencia-agroalimentar-nas-americas-afirma-diretor-geral-do-iica\/\">Source link <\/a><\/p>\n","protected":false},"excerpt":{"rendered":"<p>Prestes a concluir sua gest\u00e3o \u00e0 frente do Instituto Interamericano de Coopera\u00e7\u00e3o para a Agricultura (IICA), o diretor-geral Manuel Otero<\/p>\n","protected":false},"author":1,"featured_media":22597,"comment_status":"open","ping_status":"open","sticky":false,"template":"","format":"standard","meta":{"_monsterinsights_skip_tracking":false,"_monsterinsights_sitenote_active":false,"_monsterinsights_sitenote_note":"","_monsterinsights_sitenote_category":0,"_uf_show_specific_survey":0,"_uf_disable_surveys":false,"footnotes":""},"categories":[1],"tags":[],"class_list":["post-22596","post","type-post","status-publish","format-standard","has-post-thumbnail","hentry","category-news"],"_links":{"self":[{"href":"https:\/\/agromt.news\/index.php?rest_route=\/wp\/v2\/posts\/22596"}],"collection":[{"href":"https:\/\/agromt.news\/index.php?rest_route=\/wp\/v2\/posts"}],"about":[{"href":"https:\/\/agromt.news\/index.php?rest_route=\/wp\/v2\/types\/post"}],"author":[{"embeddable":true,"href":"https:\/\/agromt.news\/index.php?rest_route=\/wp\/v2\/users\/1"}],"replies":[{"embeddable":true,"href":"https:\/\/agromt.news\/index.php?rest_route=%2Fwp%2Fv2%2Fcomments&post=22596"}],"version-history":[{"count":0,"href":"https:\/\/agromt.news\/index.php?rest_route=\/wp\/v2\/posts\/22596\/revisions"}],"wp:featuredmedia":[{"embeddable":true,"href":"https:\/\/agromt.news\/index.php?rest_route=\/wp\/v2\/media\/22597"}],"wp:attachment":[{"href":"https:\/\/agromt.news\/index.php?rest_route=%2Fwp%2Fv2%2Fmedia&parent=22596"}],"wp:term":[{"taxonomy":"category","embeddable":true,"href":"https:\/\/agromt.news\/index.php?rest_route=%2Fwp%2Fv2%2Fcategories&post=22596"},{"taxonomy":"post_tag","embeddable":true,"href":"https:\/\/agromt.news\/index.php?rest_route=%2Fwp%2Fv2%2Ftags&post=22596"}],"curies":[{"name":"wp","href":"https:\/\/api.w.org\/{rel}","templated":true}]}}