{"id":22584,"date":"2025-10-21T16:31:37","date_gmt":"2025-10-21T20:31:37","guid":{"rendered":"https:\/\/agromt.news\/?p=22584"},"modified":"2025-10-21T16:31:37","modified_gmt":"2025-10-21T20:31:37","slug":"impulsionadas-pelo-cafe-exportacoes-de-minas-gerais-lideram-crescimento-nacional","status":"publish","type":"post","link":"https:\/\/agromt.news\/?p=22584","title":{"rendered":"Impulsionadas pelo caf\u00e9, exporta\u00e7\u00f5es de Minas Gerais lideram crescimento nacional"},"content":{"rendered":"<p> <br \/>\n<br \/><img decoding=\"async\" src=\"https:\/\/agromt.news\/wp-content\/uploads\/2025\/10\/Impulsionadas-pelo-cafe-exportacoes-de-Minas-Gerais-lideram-crescimento-nacional.jpg\" \/><\/p>\n<div>\n<p>As exporta\u00e7\u00f5es do agroneg\u00f3cio de Minas Gerais somaram US$ 14,5 bilh\u00f5es entre janeiro e setembro de 2025, alta de 12,8% frente ao mesmo per\u00edodo do ano anterior. O estado liderou o crescimento nacional entre os principais exportadores do setor, impulsionado pelo caf\u00e9, que permanece como principal produto da pauta, seguido pelos complexos soja e sucroalcooleiro, carnes e produtos florestais.<\/p>\n<p>O volume exportado totalizou 13 milh\u00f5es de toneladas no acumulado de janeiro a setembro, queda de 7,6% em rela\u00e7\u00e3o ao mesmo per\u00edodo do ano anterior. Mesmo assim, Minas Gerais se manteve como o terceiro maior exportador do agroneg\u00f3cio brasileiro, atr\u00e1s apenas de Mato Grosso e S\u00e3o Paulo, sendo respons\u00e1vel por quase 13% da receita nacional do setor.<\/p>\n<p>Ao todo 615 produtos agropecu\u00e1rios mineiros foram enviados para 175 pa\u00edses, com destaque para a China (25%), Estados Unidos (11%), Alemanha (8%), It\u00e1lia e Jap\u00e3o (5%).\u00a0<\/p>\n<h2 class=\"wp-block-heading\" id=\"h-bom-desempenho-do-cafe\"><strong>Bom desempenho do caf\u00e9<\/strong><\/h2>\n<p>Segundo a assessora t\u00e9cnica da Secretaria de Agricultura, Pecu\u00e1ria e Abastecimento (<a href=\"https:\/\/www.canalrural.com.br\/tag\/seapa\/\">Seapa<\/a>), Manoela Teixeira, o forte desempenho das exporta\u00e7\u00f5es mineiras est\u00e1 diretamente relacionado ao bom momento do caf\u00e9, que mant\u00e9m cota\u00e7\u00f5es em alta desde o ano passado. O cen\u00e1rio \u00e9 favorecido pela baixa oferta global e pelo aumento do consumo mundial. <\/p>\n<p>O produto gerou US$ 7,77 bilh\u00f5es, o que representa pouco mais da metade da receita total do agroneg\u00f3cio do estado, com alta de 48% em rela\u00e7\u00e3o ao mesmo per\u00edodo de 2024. <\/p>\n<p>Minas Gerais concentra cerca de 70% das exporta\u00e7\u00f5es brasileiras de caf\u00e9, consolidando sua lideran\u00e7a, com Estados Unidos, Alemanha e It\u00e1lia entre os principais destinos, impulsionados pela demanda por gr\u00e3os de alta qualidade.<\/p>\n<p>De acordo com a assessora, as expectativas para o fim do ano s\u00e3o: superar, mais uma vez, o recorde de vendas dos produtos agropecu\u00e1rios do estado, que alcan\u00e7aram US$ 17 bilh\u00f5es no ano passado.<\/p>\n<h2 class=\"wp-block-heading\" id=\"h-soja\"><strong>Soja<\/strong><\/h2>\n<p>O complexo soja (gr\u00e3os, \u00f3leo e farelo) registrou US$ 2,6 bilh\u00f5es com o embarque de 6,5 milh\u00f5es de toneladas e queda de 15% e 7% respectivamente.<\/p>\n<h2 class=\"wp-block-heading\" id=\"h-sucroalcooleiro\"><strong>Sucroalcooleiro<\/strong><\/h2>\n<p>O volume chegou a 3,3 milh\u00f5es de toneladas, totalizando US$ 1,5 bilh\u00e3o com queda de 19,9% na receita.\u00a0A produ\u00e7\u00e3o de etanol no mercado interno tem se mostrado mais atrativa para os produtores. \u00a0<\/p>\n<h2 class=\"wp-block-heading\" id=\"h-carnes\"><strong>Carnes<\/strong><\/h2>\n<p>A receita do setor de carnes (bovina, su\u00edna e frango) alcan\u00e7ou US$ 1,3 bilh\u00e3o no per\u00edodo, alta de 6,8% em rela\u00e7\u00e3o ao mesmo per\u00edodo de 2024. J\u00e1 o volume total ficou em368,8 mil toneladas.<\/p>\n<h2 class=\"wp-block-heading\" id=\"h-produtos-florestais\"><strong>Produtos Florestais<\/strong><\/h2>\n<p>Os produtos florestais (celulose, madeira e papel) alcan\u00e7aram aproximadamente US$ 765 milh\u00f5es. O volume embarcado ficou em 1,3 milh\u00e3o de toneladas.<\/p>\n<\/p><\/div>\n<p><br \/>\n<br \/><a href=\"https:\/\/www.canalrural.com.br\/agricultura\/cafe\/impulsionadas-pelo-cafe-exportacoes-de-minas-gerais-lideram-crescimento-nacional\/\">Source link <\/a><\/p>\n","protected":false},"excerpt":{"rendered":"<p>As exporta\u00e7\u00f5es do agroneg\u00f3cio de Minas Gerais somaram US$ 14,5 bilh\u00f5es entre janeiro e setembro de 2025, alta de 12,8%<\/p>\n","protected":false},"author":1,"featured_media":22585,"comment_status":"open","ping_status":"open","sticky":false,"template":"","format":"standard","meta":{"_monsterinsights_skip_tracking":false,"_monsterinsights_sitenote_active":false,"_monsterinsights_sitenote_note":"","_monsterinsights_sitenote_category":0,"_uf_show_specific_survey":0,"_uf_disable_surveys":false,"footnotes":""},"categories":[1],"tags":[],"class_list":["post-22584","post","type-post","status-publish","format-standard","has-post-thumbnail","hentry","category-news"],"_links":{"self":[{"href":"https:\/\/agromt.news\/index.php?rest_route=\/wp\/v2\/posts\/22584"}],"collection":[{"href":"https:\/\/agromt.news\/index.php?rest_route=\/wp\/v2\/posts"}],"about":[{"href":"https:\/\/agromt.news\/index.php?rest_route=\/wp\/v2\/types\/post"}],"author":[{"embeddable":true,"href":"https:\/\/agromt.news\/index.php?rest_route=\/wp\/v2\/users\/1"}],"replies":[{"embeddable":true,"href":"https:\/\/agromt.news\/index.php?rest_route=%2Fwp%2Fv2%2Fcomments&post=22584"}],"version-history":[{"count":0,"href":"https:\/\/agromt.news\/index.php?rest_route=\/wp\/v2\/posts\/22584\/revisions"}],"wp:featuredmedia":[{"embeddable":true,"href":"https:\/\/agromt.news\/index.php?rest_route=\/wp\/v2\/media\/22585"}],"wp:attachment":[{"href":"https:\/\/agromt.news\/index.php?rest_route=%2Fwp%2Fv2%2Fmedia&parent=22584"}],"wp:term":[{"taxonomy":"category","embeddable":true,"href":"https:\/\/agromt.news\/index.php?rest_route=%2Fwp%2Fv2%2Fcategories&post=22584"},{"taxonomy":"post_tag","embeddable":true,"href":"https:\/\/agromt.news\/index.php?rest_route=%2Fwp%2Fv2%2Ftags&post=22584"}],"curies":[{"name":"wp","href":"https:\/\/api.w.org\/{rel}","templated":true}]}}