{"id":22567,"date":"2025-10-21T13:16:27","date_gmt":"2025-10-21T17:16:27","guid":{"rendered":"https:\/\/agromt.news\/?p=22567"},"modified":"2025-10-21T13:16:27","modified_gmt":"2025-10-21T17:16:27","slug":"la-nina-deve-reduzir-chuvas-no-sul-em-dezembro","status":"publish","type":"post","link":"https:\/\/agromt.news\/?p=22567","title":{"rendered":"La Ni\u00f1a deve reduzir chuvas no Sul em dezembro"},"content":{"rendered":"<p> <br \/>\n<\/p>\n<div>\n<p>Os volumes de chuva na regi\u00e3o Sul do Brasil devem ficar abaixo da m\u00e9dia nos pr\u00f3ximos meses, segundo avalia\u00e7\u00e3o da Ampere Consultoria. A La Ni\u00f1a, recentemente declarada pela ag\u00eancia norte-americana NOAA, tende a ser de fraca intensidade, com impactos mais percept\u00edveis a partir de meados de novembro.&#13;\n<\/p>\n<p>Embora dezembro deva registrar d\u00e9ficit de precipita\u00e7\u00e3o, outros fatores atmosf\u00e9ricos podem amenizar o cen\u00e1rio. As chuvas ser\u00e3o menos frequentes, mas ainda devem ocorrer de forma pontual, influenciadas por diferentes mecanismos clim\u00e1ticos que modulam o regime pluviom\u00e9trico da regi\u00e3o. \u201cA previs\u00e3o \u00e9 que os d\u00e9ficits de chuva se intensifiquem nos estados do Sul em dezembro. De qualquer forma, outras condi\u00e7\u00f5es meteorol\u00f3gicas poder\u00e3o provocar chuvas pontuais relativamente fortes, ou seja, a chuva ser\u00e1 menos frequente, como \u00e9 comum em anos de La Ni\u00f1a, mas n\u00e3o vai sumir totalmente\u201d, afirma a agrometeorologista da Ampere Consultoria, Amanda Balbino.<\/p>\n<p>A consultoria aponta diferen\u00e7as regionais: no oeste do Paran\u00e1, pr\u00f3ximo a Cascavel, as precipita\u00e7\u00f5es devem se manter pr\u00f3ximas \u00e0 m\u00e9dia hist\u00f3rica em novembro, superando os 100 mm. J\u00e1 no meio-oeste ga\u00facho, em \u00e1reas como Cruz Alta e S\u00e3o Luiz Gonzaga, as chuvas podem ficar at\u00e9 80 mm abaixo do normal, afetando o desenvolvimento da soja. Na Argentina, as condi\u00e7\u00f5es tamb\u00e9m devem variar entre m\u00e9dias e ligeiramente abaixo da m\u00e9dia, com d\u00e9ficit mais acentuado em dezembro.&#13;\n<\/p>\n<p>Apesar do alerta, a Ampere observa que o fen\u00f4meno ainda n\u00e3o est\u00e1 completamente instalado. O resfriamento atual do Pac\u00edfico est\u00e1 em -0,42 \u00b0C, enquanto o crit\u00e9rio para confirma\u00e7\u00e3o da La Ni\u00f1a \u00e9 de -0,5 \u00b0C por pelo menos tr\u00eas meses consecutivos. \u201cDe maneira geral, os produtores do Sul devem ficar muito atentos ao risco de per\u00edodos de estiagens, tempo seco e quente, que podem coincidir com os est\u00e1gios mais sens\u00edveis do desenvolvimento da soja\u201d, conclui Amanda.<br \/>&#13;<br \/>\n\u00a0<\/p>\n<\/p><\/div>\n<p><script data-cfasync=\"false\">\n    !function (f, b, e, v, n, t, s) {\n        if (f.fbq) return; n = f.fbq = function () {\n            n.callMethod ?\n                n.callMethod.apply(n, arguments) : n.queue.push(arguments)\n        };\n        if (!f._fbq) f._fbq = n; n.push = n; n.loaded = !0; n.version = '2.0';\n        n.queue = []; t = b.createElement(e); t.async = !0;\n        t.src = v; s = b.getElementsByTagName(e)[0];\n        s.parentNode.insertBefore(t, s)\n    }(window, document, 'script',\n        'https:\/\/connect.facebook.net\/en_US\/fbevents.js');\n    fbq('init', '522546078623747');\n    fbq('track', 'PageView');\n<\/script><br \/>\n<br \/><br \/>\n<br \/><a href=\"https:\/\/www.agrolink.com.br\/noticias\/la-nina-deve-reduzir-chuvas-no-sul-em-dezembro_507133.html\">Source link <\/a><\/p>\n","protected":false},"excerpt":{"rendered":"<p>Os volumes de chuva na regi\u00e3o Sul do Brasil devem ficar abaixo da m\u00e9dia nos pr\u00f3ximos meses, segundo avalia\u00e7\u00e3o da<\/p>\n","protected":false},"author":1,"featured_media":2351,"comment_status":"open","ping_status":"open","sticky":false,"template":"","format":"standard","meta":{"_monsterinsights_skip_tracking":false,"_monsterinsights_sitenote_active":false,"_monsterinsights_sitenote_note":"","_monsterinsights_sitenote_category":0,"_uf_show_specific_survey":0,"_uf_disable_surveys":false,"footnotes":""},"categories":[8,1,14],"tags":[],"class_list":["post-22567","post","type-post","status-publish","format-standard","has-post-thumbnail","hentry","category-agro","category-news","category-politica-agro"],"_links":{"self":[{"href":"https:\/\/agromt.news\/index.php?rest_route=\/wp\/v2\/posts\/22567"}],"collection":[{"href":"https:\/\/agromt.news\/index.php?rest_route=\/wp\/v2\/posts"}],"about":[{"href":"https:\/\/agromt.news\/index.php?rest_route=\/wp\/v2\/types\/post"}],"author":[{"embeddable":true,"href":"https:\/\/agromt.news\/index.php?rest_route=\/wp\/v2\/users\/1"}],"replies":[{"embeddable":true,"href":"https:\/\/agromt.news\/index.php?rest_route=%2Fwp%2Fv2%2Fcomments&post=22567"}],"version-history":[{"count":0,"href":"https:\/\/agromt.news\/index.php?rest_route=\/wp\/v2\/posts\/22567\/revisions"}],"wp:featuredmedia":[{"embeddable":true,"href":"https:\/\/agromt.news\/index.php?rest_route=\/wp\/v2\/media\/2351"}],"wp:attachment":[{"href":"https:\/\/agromt.news\/index.php?rest_route=%2Fwp%2Fv2%2Fmedia&parent=22567"}],"wp:term":[{"taxonomy":"category","embeddable":true,"href":"https:\/\/agromt.news\/index.php?rest_route=%2Fwp%2Fv2%2Fcategories&post=22567"},{"taxonomy":"post_tag","embeddable":true,"href":"https:\/\/agromt.news\/index.php?rest_route=%2Fwp%2Fv2%2Ftags&post=22567"}],"curies":[{"name":"wp","href":"https:\/\/api.w.org\/{rel}","templated":true}]}}