{"id":22471,"date":"2025-10-20T12:32:59","date_gmt":"2025-10-20T16:32:59","guid":{"rendered":"https:\/\/agromt.news\/?p=22471"},"modified":"2025-10-20T12:32:59","modified_gmt":"2025-10-20T16:32:59","slug":"plantio-da-safra-de-soja-2025-26-atinge-24-aponta-agrural","status":"publish","type":"post","link":"https:\/\/agromt.news\/?p=22471","title":{"rendered":"Plantio da safra de soja 2025\/26 atinge 24%, aponta AgRural"},"content":{"rendered":"<p> <br \/>\n<br \/><img decoding=\"async\" src=\"https:\/\/agromt.news\/wp-content\/uploads\/2025\/07\/Plantio-de-soja-deve-crescer-12-em-2526-aponta-consultoria.jpg\" \/><\/p>\n<div>\n<p>O <a href=\"https:\/\/www.canalrural.com.br\/agricultura\/projeto-soja-brasil\/plantio-da-safra-de-soja-2025-26-atinge-24-no-brasil-diz-agrural\/_wp_link_placeholder\" data-wplink-edit=\"true\">plantio<\/a> da soja 2025\/26 avan\u00e7a em bom ritmo no Brasil, impulsionado pelas chuvas que voltaram a atingir \u00e1reas do Centro-Oeste, segundo a consultoria <a href=\"https:\/\/agrural.com.br\/\">AgRural<\/a>. At\u00e9\u00a0a \u00faltima quinta-feira (16), cerca de 24% da \u00e1rea estimada para a cultura estava semeada. O n\u00famero representa um avan\u00e7o de 10 pontos percentuais em rela\u00e7\u00e3o \u00e0 semana anterior (14%) e supera os 18% registrados no mesmo per\u00edodo do ano passado.<\/p>\n<ul>\n<li style=\"list-style-type: none;\">\n<ul>\n<li><strong>Fique por dentro das not\u00edcias mais recentes sobre a soja. Participe da comunidade no WhatsApp!\u00a0<\/strong><\/li>\n<\/ul>\n<\/li>\n<\/ul>\n<p>A AgRural atribui o desempenho ao retorno das precipita\u00e7\u00f5es em regi\u00f5es-chave. Com o aumento da umidade, a semeadura ganhou for\u00e7a principalmente em Mato Grosso, que ultrapassou o Paran\u00e1 e assumiu a dianteira entre os Estados produtores nesta safra.<\/p>\n<p>Para o milho ver\u00e3o 2025\/26, o levantamento da AgRural aponta que o plantio alcan\u00e7ou 51% da \u00e1rea estimada no Centro-Sul, ante 45% na semana anterior e 48% no mesmo per\u00edodo do ano passado. Com os trabalhos praticamente encerrados no Sul, a aten\u00e7\u00e3o agora se volta para S\u00e3o Paulo, Minas Gerais e Goi\u00e1s, onde a semeadura est\u00e1 em fase inicial.<\/p>\n<h3>P\u00e1tria Agroneg\u00f3cios alerta para chuvas irregulares\u00a0<\/h3>\n<p>Segundo a consultoria <a href=\"https:\/\/www.patria.agr.br\/\">P\u00e1tria Agroneg\u00f3cios,<\/a> o plantio chegou a 23,27% da \u00e1rea total de soja at\u00e9 a \u00faltima sexta-feira (17). De acordo com o analista Matheus Pereira, o avan\u00e7o mais expressivo ocorreu no norte do Mato Grosso, sul do Mato Grosso do Sul e Paran\u00e1.<\/p>\n<h3>Pontos de aten\u00e7\u00e3o na safra 25\/26<\/h3>\n<p>Segundo Pereira, as chuvas continuam irregulares e o mercado segue atento \u00e0 distribui\u00e7\u00e3o das precipita\u00e7\u00f5es, principalmente na regi\u00e3o central do pa\u00eds. No norte do Paran\u00e1 e em parte de S\u00e3o Paulo, ainda h\u00e1 \u00e1reas que enfrentam falta de umidade suficiente para o desenvolvimento inicial das lavouras.<\/p>\n<p>Pereira afirma que o calend\u00e1rio de plantio da soja ainda est\u00e1 dentro da normalidade e que, por ora, n\u00e3o h\u00e1 motivo para preocupa\u00e7\u00e3o com o potencial produtivo da safra. O principal risco, segundo ele, \u00e9 o encurtamento da janela de plantio do milho safrinha, caso as chuvas fiquem mais atrasadas no fim de outubro e come\u00e7o de novembro.\u00a0<\/p>\n<p>O analista tamb\u00e9m chama a aten\u00e7\u00e3o sobre o c\u00e2mbio. Segundo ele, o d\u00f3lar abriu a semana em queda, influenciando diretamente as cota\u00e7\u00f5es internas da oleaginosa. Como explicar Pereira, o movimento da moeda americana dita o ritmo do cen\u00e1rio da soja: quando o d\u00f3lar recua, o pre\u00e7o cai e, quando aumenta, o pre\u00e7o se fortalece.\u00a0<\/p>\n<p>\u00a0<\/p>\n<\/p><\/div>\n<p><br \/>\n<br \/><a href=\"https:\/\/www.canalrural.com.br\/agricultura\/projeto-soja-brasil\/plantio-da-safra-de-soja-2025-26-atinge-24-no-brasil-diz-agrural\/\">Source link <\/a><\/p>\n","protected":false},"excerpt":{"rendered":"<p>O plantio da soja 2025\/26 avan\u00e7a em bom ritmo no Brasil, impulsionado pelas chuvas que voltaram a atingir \u00e1reas do<\/p>\n","protected":false},"author":1,"featured_media":16582,"comment_status":"open","ping_status":"open","sticky":false,"template":"","format":"standard","meta":{"_monsterinsights_skip_tracking":false,"_monsterinsights_sitenote_active":false,"_monsterinsights_sitenote_note":"","_monsterinsights_sitenote_category":0,"_uf_show_specific_survey":0,"_uf_disable_surveys":false,"footnotes":""},"categories":[1],"tags":[],"class_list":["post-22471","post","type-post","status-publish","format-standard","has-post-thumbnail","hentry","category-news"],"_links":{"self":[{"href":"https:\/\/agromt.news\/index.php?rest_route=\/wp\/v2\/posts\/22471"}],"collection":[{"href":"https:\/\/agromt.news\/index.php?rest_route=\/wp\/v2\/posts"}],"about":[{"href":"https:\/\/agromt.news\/index.php?rest_route=\/wp\/v2\/types\/post"}],"author":[{"embeddable":true,"href":"https:\/\/agromt.news\/index.php?rest_route=\/wp\/v2\/users\/1"}],"replies":[{"embeddable":true,"href":"https:\/\/agromt.news\/index.php?rest_route=%2Fwp%2Fv2%2Fcomments&post=22471"}],"version-history":[{"count":0,"href":"https:\/\/agromt.news\/index.php?rest_route=\/wp\/v2\/posts\/22471\/revisions"}],"wp:featuredmedia":[{"embeddable":true,"href":"https:\/\/agromt.news\/index.php?rest_route=\/wp\/v2\/media\/16582"}],"wp:attachment":[{"href":"https:\/\/agromt.news\/index.php?rest_route=%2Fwp%2Fv2%2Fmedia&parent=22471"}],"wp:term":[{"taxonomy":"category","embeddable":true,"href":"https:\/\/agromt.news\/index.php?rest_route=%2Fwp%2Fv2%2Fcategories&post=22471"},{"taxonomy":"post_tag","embeddable":true,"href":"https:\/\/agromt.news\/index.php?rest_route=%2Fwp%2Fv2%2Ftags&post=22471"}],"curies":[{"name":"wp","href":"https:\/\/api.w.org\/{rel}","templated":true}]}}