{"id":22454,"date":"2025-10-20T08:29:14","date_gmt":"2025-10-20T12:29:14","guid":{"rendered":"https:\/\/agromt.news\/?p=22454"},"modified":"2025-10-20T08:29:14","modified_gmt":"2025-10-20T12:29:14","slug":"frente-fria-leva-chuva-para-parte-do-pais-nesta-segunda-feira-saiba-onde","status":"publish","type":"post","link":"https:\/\/agromt.news\/?p=22454","title":{"rendered":"Frente fria leva chuva para parte do pa\u00eds nesta segunda-feira; saiba onde"},"content":{"rendered":"<p> <br \/>\n<br \/><img decoding=\"async\" src=\"https:\/\/agromt.news\/wp-content\/uploads\/2024\/09\/Frente-fria-deve-mudar-o-clima-em-areas-onde-o.jpg\" \/><\/p>\n<div>\n<p>A segunda-feira (20) vai ser marcada por tempo inst\u00e1vel em boa parte do pa\u00eds, com chuva forte em v\u00e1rias regi\u00f5es. Na regi\u00e3o Sul, a circula\u00e7\u00e3o de ventos associados \u00e0 \u00e1rea de alta press\u00e3o no oceano vai continuar mantendo a condi\u00e7\u00e3o de tempo firme na maior parte dos estados da Regi\u00e3o Sul.<\/p>\n<p>Confira a previs\u00e3o do tempo detalhada, por regi\u00e3o:<\/p>\n<h3 class=\"wp-block-heading\" id=\"h-sul\">Sul<\/h3>\n<p>Excepcionalmente no litoral de Santa Catarina e do Paran\u00e1, al\u00e9m de \u00e1reas no leste paranaense, a circula\u00e7\u00e3o de ventos mar\u00edtimos deve estimular maior presen\u00e7a de nebulosidade e pode favorecer a ocorr\u00eancia de pancadas de chuva isoladas, com fraca a moderada intensidade. Nas demais regi\u00f5es interioranas dos tr\u00eas estados, o predom\u00ednio ser\u00e1 de tempo firme, com dia marcado pela presen\u00e7a do sol, contudo, com temperaturas mais amenas. <\/p>\n<h3 class=\"wp-block-heading\" id=\"h-sudeste\">Sudeste<\/h3>\n<p>No Sudeste, a frente fria segue se deslocando sobre a costa do pa\u00eds, e as instabilidades associadas ao sistema ainda provocam fortes pancadas de chuva no Esp\u00edrito Santo e na metade norte de Minas Gerais. A chuva segue desde o per\u00edodo da madrugada e deve persistir no decorrer das horas. <\/p>\n<p>Eventuais temporais n\u00e3o est\u00e3o descartados, e o cen\u00e1rio \u00e9 de aten\u00e7\u00e3o para acumulados mais expressivos em alguns pontos isolados. No Rio de Janeiro e no litoral de S\u00e3o Paulo, a circula\u00e7\u00e3o de ventos mar\u00edtimos mant\u00e9m o c\u00e9u carregado e com chance de chuva a qualquer hora do dia, variando entre fraca e moderada intensidade. Nas demais regi\u00f5es interioranas paulistas, al\u00e9m do oeste e sudoeste mineiro, o predom\u00ednio j\u00e1 ser\u00e1 de tempo firme, sem risco de chuva significativa.<\/p>\n<h3 class=\"wp-block-heading\" id=\"h-centro-oeste\">Centro-Oeste<\/h3>\n<p>No Centro-Oeste, a orienta\u00e7\u00e3o do fluxo de umidade associado ao deslocamento da frente fria deve contribuir para que as instabilidades sigam concentradas sobre boa parte de Mato Grosso, norte de Goi\u00e1s e no Distrito Federal. As pancadas de chuva se iniciam ainda durante a madrugada e devem persistir no decorrer do dia, com potencial para ca\u00edrem com forte intensidade em alguns momentos, acompanhadas por raios e trovoadas e risco de temporais.<\/p>\n<p>No sul de Mato Grosso e Goi\u00e1s, al\u00e9m de todo o estado de Mato Grosso do Sul, o predom\u00ednio ser\u00e1 de tempo mais aberto, sem risco de chuva significativa. <\/p>\n<h3 class=\"wp-block-heading\" id=\"h-nordeste\">Nordeste<\/h3>\n<p>No Nordeste, a aproxima\u00e7\u00e3o da frente fria deve colocar o estado da Bahia em alerta para temporais e volumes mais expressivos, especialmente no litoral baiano, onde o risco \u00e9 de perigo, devido aos acumulados mais elevados. O fluxo de umidade come\u00e7a a transitar sobre \u00e1reas do interior do Maranh\u00e3o e do Piau\u00ed, condicionando a ocorr\u00eancia de pancadas de chuva mais expressivas na regi\u00e3o \u2013 n\u00e3o sendo descartados eventuais temporais nessas \u00e1reas.<\/p>\n<p>A previs\u00e3o para o Matopiba como um todo \u00e9 de retorno das pancadas de chuva mais fortes ao longo do dia. J\u00e1 nas demais \u00e1reas da costa leste do nordeste, chance de chuva ocasional e com fraca intensidade.\u00a0<\/p>\n<h3 class=\"wp-block-heading\" id=\"h-norte\">Norte<\/h3>\n<p>Para a regi\u00e3o Norte, destaque para as pancadas de chuva mais fortes que se espalham por praticamente todo o estado do Tocantins, com risco de temporais localizados ainda no come\u00e7o do dia. As pancadas de chuva mais pesadas seguem concentradas tamb\u00e9m sobre o Amazonas, Rond\u00f4nia e sul do Par\u00e1, onde h\u00e1 risco de temporais isolados. Chove tamb\u00e9m em Roraima, demais \u00e1reas do estado paraense e no litoral do Amap\u00e1.<\/p>\n<div data-icp-cta=\"1\" id=\"icp-cta-unique\">Voc\u00ea quer entender como usar o clima a seu favor?<b> <\/b><a href=\"https:\/\/climacampo.canalrural.com.br\/climacampo_-01\">Preparamos um e-book exclusivo<\/a> para ajudar produtores rurais a se antecipar \u00e0s mudan\u00e7as do tempo e planejar melhor suas a\u00e7\u00f5es. Com base em previs\u00f5es meteorol\u00f3gicas confi\u00e1veis, ele oferece orienta\u00e7\u00f5es pr\u00e1ticas para proteger sua lavoura e otimizar seus resultados.<\/div>\n<\/div>\n<p><br \/>\n<br \/><a href=\"https:\/\/www.canalrural.com.br\/tempo\/frente-fria-leva-chuva-para-parte-do-pais-nesta-segunda-feira-saiba-onde\/\">Source link <\/a><\/p>\n","protected":false},"excerpt":{"rendered":"<p>A segunda-feira (20) vai ser marcada por tempo inst\u00e1vel em boa parte do pa\u00eds, com chuva forte em v\u00e1rias regi\u00f5es.<\/p>\n","protected":false},"author":1,"featured_media":2359,"comment_status":"open","ping_status":"open","sticky":false,"template":"","format":"standard","meta":{"_monsterinsights_skip_tracking":false,"_monsterinsights_sitenote_active":false,"_monsterinsights_sitenote_note":"","_monsterinsights_sitenote_category":0,"_uf_show_specific_survey":0,"_uf_disable_surveys":false,"footnotes":""},"categories":[1],"tags":[],"class_list":["post-22454","post","type-post","status-publish","format-standard","has-post-thumbnail","hentry","category-news"],"_links":{"self":[{"href":"https:\/\/agromt.news\/index.php?rest_route=\/wp\/v2\/posts\/22454"}],"collection":[{"href":"https:\/\/agromt.news\/index.php?rest_route=\/wp\/v2\/posts"}],"about":[{"href":"https:\/\/agromt.news\/index.php?rest_route=\/wp\/v2\/types\/post"}],"author":[{"embeddable":true,"href":"https:\/\/agromt.news\/index.php?rest_route=\/wp\/v2\/users\/1"}],"replies":[{"embeddable":true,"href":"https:\/\/agromt.news\/index.php?rest_route=%2Fwp%2Fv2%2Fcomments&post=22454"}],"version-history":[{"count":0,"href":"https:\/\/agromt.news\/index.php?rest_route=\/wp\/v2\/posts\/22454\/revisions"}],"wp:featuredmedia":[{"embeddable":true,"href":"https:\/\/agromt.news\/index.php?rest_route=\/wp\/v2\/media\/2359"}],"wp:attachment":[{"href":"https:\/\/agromt.news\/index.php?rest_route=%2Fwp%2Fv2%2Fmedia&parent=22454"}],"wp:term":[{"taxonomy":"category","embeddable":true,"href":"https:\/\/agromt.news\/index.php?rest_route=%2Fwp%2Fv2%2Fcategories&post=22454"},{"taxonomy":"post_tag","embeddable":true,"href":"https:\/\/agromt.news\/index.php?rest_route=%2Fwp%2Fv2%2Ftags&post=22454"}],"curies":[{"name":"wp","href":"https:\/\/api.w.org\/{rel}","templated":true}]}}