{"id":22401,"date":"2025-10-18T18:32:01","date_gmt":"2025-10-18T22:32:01","guid":{"rendered":"https:\/\/agromt.news\/?p=22401"},"modified":"2025-10-18T18:32:01","modified_gmt":"2025-10-18T22:32:01","slug":"meus-pais-me-ensinaram-a-amar-o-que-a-gente-faz-diz-jovem-produtor-do-rs","status":"publish","type":"post","link":"https:\/\/agromt.news\/?p=22401","title":{"rendered":"&#8216;Meus pais me ensinaram a amar o que a gente faz&#8217;, diz jovem produtor do RS"},"content":{"rendered":"<p> <br \/>\n<br \/><img decoding=\"async\" src=\"https:\/\/agromt.news\/wp-content\/uploads\/2025\/10\/Meus-pais-me-ensinaram-a-amar-o-que-a-gente.jpg\" \/><\/p>\n<div>\n<p>No cora\u00e7\u00e3o do territ\u00f3rio ga\u00facho, em <strong>Vila Flores (RS)<\/strong>, o jovem <strong>Gleison Agnol<\/strong>, de apenas 24 anos, prova que o futuro da <strong>suinocultura<\/strong> e da <strong>avicultura<\/strong> est\u00e1 em boas m\u00e3os. Desde pequeno, ele cresceu em meio aos animais, acompanhando de perto o trabalho dos pais na propriedade da fam\u00edlia. Hoje, Gleison comanda uma parte essencial da produ\u00e7\u00e3o, mostrando que \u00e9 poss\u00edvel <strong>crescer, inovar e prosperar sem deixar o campo<\/strong>.<\/p>\n<p>\u201cEu sempre gostei de ajudar, de estar no meio dos animais aqui no interior. \u00c9 muito bom\u201d, conta. A fam\u00edlia tem tradi\u00e7\u00e3o de mais de <strong>30 anos na avicultura<\/strong>, que come\u00e7ou com um avi\u00e1rio manual de 50 metros e evoluiu para uma estrutura de 100 metros totalmente automatizada. Al\u00e9m das aves e do leite, foi a <strong>suinocultura<\/strong> que despertou o desejo do jovem em seguir carreira no agro.<\/p>\n<figure class=\"wp-block-embed wp-embed-aspect-16-9 wp-has-aspect-ratio  is-type-video is-provider-youtube wp-block-embed-youtube\"\/>\n<h3 class=\"wp-block-heading\" id=\"h-suinocultura-moderna-com-gestao-familiar\">Suinocultura moderna com gest\u00e3o familiar<\/h3>\n<p>O ponto de virada veio em 2016, quando Gleison decidiu investir em duas <strong>creches de su\u00ednos climatizadas<\/strong>, com capacidade para <strong>1.750 leit\u00f5es cada<\/strong>. \u201cNa \u00e9poca, a gente ia fazer o sistema convencional, mas a empresa apresentou um novo projeto climatizado. Fomos um dos primeiros da regi\u00e3o a investir nessa tecnologia, e n\u00e3o me arrependo\u201d, afirma.<\/p>\n<p>A automatiza\u00e7\u00e3o reduziu a necessidade de m\u00e3o de obra e facilitou o manejo di\u00e1rio. \u201cO sistema climatizado deixa tudo mais pr\u00e1tico. A gente programa o controlador e ele faz os ajustes sozinho\u201d, afirma. Hoje, a <strong>granja opera com efici\u00eancia e bem-estar animal<\/strong>, garantindo conforto t\u00e9rmico e produtividade.<\/p>\n<p>A rotina \u00e9 dividida entre os membros da fam\u00edlia: o pai cuida dos avi\u00e1rios, a m\u00e3e das vacas leiteiras e Gleison responde pela suinocultura. \u201cQuando tem muito servi\u00e7o, a gente se ajuda. Mas no dia a dia, eu me viro tranquilo. \u00c9 gratificante trabalhar aqui e ver o resultado do nosso esfor\u00e7o\u201d, destaca.<\/p>\n<h3 class=\"wp-block-heading\" id=\"h-jovens-que-acreditam-no-futuro-do-campo\">Jovens que acreditam no futuro do campo<\/h3>\n<p>A hist\u00f3ria de Gleison reflete o <strong>perfil da nova gera\u00e7\u00e3o rural<\/strong>: jovens que valorizam o legado dos pais, mas investem em tecnologia e conhecimento para tornar o trabalho mais eficiente. \u201cMeus pais me ensinaram a amar o que a gente faz. Eu nunca me vi trabalhando numa empresa na cidade. Aqui a gente trabalha muito, mas com orgulho\u201d, afirma.<\/p>\n<p>Nos \u00faltimos oito anos, o jovem produtor acumulou conquistas e aprendizados. \u201cA suinocultura d\u00e1 um bom retorno. Depois que come\u00e7amos, conseguimos realizar muitos sonhos. O campo oferece oportunidades para quem se dedica e gosta do que faz\u201d, diz.<\/p>\n<p>Para ele, <strong>ficar no campo \u00e9 sin\u00f4nimo de realiza\u00e7\u00e3o pessoal e profissional<\/strong>. \u201cOs jovens que gostam da vida no interior deveriam apostar nisso. O retorno vem, e a satisfa\u00e7\u00e3o de ver tudo crescendo \u00e9 enorme\u201d, conclui.<\/p>\n<p><em>*Sob supervis\u00e3o de Luis Roberto Toledo<\/em><\/p>\n<\/p><\/div>\n<p><br \/>\n<br \/><a href=\"https:\/\/www.canalrural.com.br\/aves-e-suinos\/meus-pais-me-ensinaram-a-amar-o-que-a-gente-faz-diz-jovem-produtor-do-rs\/\">Source link <\/a><\/p>\n","protected":false},"excerpt":{"rendered":"<p>No cora\u00e7\u00e3o do territ\u00f3rio ga\u00facho, em Vila Flores (RS), o jovem Gleison Agnol, de apenas 24 anos, prova que o<\/p>\n","protected":false},"author":1,"featured_media":22402,"comment_status":"open","ping_status":"open","sticky":false,"template":"","format":"standard","meta":{"_monsterinsights_skip_tracking":false,"_monsterinsights_sitenote_active":false,"_monsterinsights_sitenote_note":"","_monsterinsights_sitenote_category":0,"_uf_show_specific_survey":0,"_uf_disable_surveys":false,"footnotes":""},"categories":[1],"tags":[],"class_list":["post-22401","post","type-post","status-publish","format-standard","has-post-thumbnail","hentry","category-news"],"_links":{"self":[{"href":"https:\/\/agromt.news\/index.php?rest_route=\/wp\/v2\/posts\/22401"}],"collection":[{"href":"https:\/\/agromt.news\/index.php?rest_route=\/wp\/v2\/posts"}],"about":[{"href":"https:\/\/agromt.news\/index.php?rest_route=\/wp\/v2\/types\/post"}],"author":[{"embeddable":true,"href":"https:\/\/agromt.news\/index.php?rest_route=\/wp\/v2\/users\/1"}],"replies":[{"embeddable":true,"href":"https:\/\/agromt.news\/index.php?rest_route=%2Fwp%2Fv2%2Fcomments&post=22401"}],"version-history":[{"count":0,"href":"https:\/\/agromt.news\/index.php?rest_route=\/wp\/v2\/posts\/22401\/revisions"}],"wp:featuredmedia":[{"embeddable":true,"href":"https:\/\/agromt.news\/index.php?rest_route=\/wp\/v2\/media\/22402"}],"wp:attachment":[{"href":"https:\/\/agromt.news\/index.php?rest_route=%2Fwp%2Fv2%2Fmedia&parent=22401"}],"wp:term":[{"taxonomy":"category","embeddable":true,"href":"https:\/\/agromt.news\/index.php?rest_route=%2Fwp%2Fv2%2Fcategories&post=22401"},{"taxonomy":"post_tag","embeddable":true,"href":"https:\/\/agromt.news\/index.php?rest_route=%2Fwp%2Fv2%2Ftags&post=22401"}],"curies":[{"name":"wp","href":"https:\/\/api.w.org\/{rel}","templated":true}]}}