{"id":22397,"date":"2025-10-18T18:02:57","date_gmt":"2025-10-18T22:02:57","guid":{"rendered":"https:\/\/agromt.news\/?p=22397"},"modified":"2025-10-18T18:02:57","modified_gmt":"2025-10-18T22:02:57","slug":"avicultura-transforma-historia-de-familia-em-sao-paulo","status":"publish","type":"post","link":"https:\/\/agromt.news\/?p=22397","title":{"rendered":"Avicultura transforma hist\u00f3ria de fam\u00edlia em S\u00e3o Paulo"},"content":{"rendered":"<p> <br \/>\n<br \/><img decoding=\"async\" src=\"https:\/\/agromt.news\/wp-content\/uploads\/2025\/10\/Avicultura-transforma-historia-de-familia-em-Sao-Paulo.jpg\" \/><\/p>\n<div>\n<p>A <strong>avicultura<\/strong> transformou a hist\u00f3ria da fam\u00edlia <strong>Gerotto<\/strong>, em Mirassol (SP). O que come\u00e7ou como uma aposta ousada de diversifica\u00e7\u00e3o dos neg\u00f3cios virou um exemplo de planejamento, inova\u00e7\u00e3o e sucess\u00e3o familiar no campo. Tradicional empres\u00e1rio dos setores de <strong>constru\u00e7\u00e3o civil e metalurgia<\/strong>, seu Gerotto enxergou na produ\u00e7\u00e3o de frangos uma oportunidade de estabilidade e crescimento sustent\u00e1vel.<\/p>\n<p>Com o apoio direto do filho <strong>Jo\u00e3o Vitor<\/strong>, o projeto ganhou corpo. Hoje, j\u00e1 s\u00e3o <strong>13 avi\u00e1rios em funcionamento<\/strong> e <strong>nove em constru\u00e7\u00e3o<\/strong>, com previs\u00e3o de chegar a <strong>22 unidades at\u00e9 2028<\/strong>. Uma jornada que come\u00e7ou em 2020 e rapidamente se tornou o principal foco da fam\u00edlia. \u201cQuando vi o potencial da avicultura, percebi que ali tinha uma grande oportunidade\u201d, recorda seu Gerotto.<\/p>\n<figure class=\"wp-block-embed wp-embed-aspect-16-9 wp-has-aspect-ratio  is-type-video is-provider-youtube wp-block-embed-youtube\"\/>\n<h3 class=\"wp-block-heading has-vivid-red-color has-text-color has-link-color wp-elements-11dc5e0a0e743a6f06bc3d83b47b57ee\" id=\"h-do-canteiro-de-obras-ao-aviario-uma-transicao-de-sucesso\"><strong>Do canteiro de obras ao avi\u00e1rio: uma transi\u00e7\u00e3o de sucesso<\/strong><\/h3>\n<p>A primeira granja foi erguida em ritmo acelerado e com envolvimento total do empres\u00e1rio. \u201cEu gosto de trabalhar junto. N\u00e3o sou de s\u00f3 olhar. Gosto de meter a m\u00e3o tamb\u00e9m\u201d, conta. O entusiasmo contagiou toda a fam\u00edlia \u2014 a esposa e os filhos participaram ativamente nas etapas iniciais, inclusive no <strong>descarregamento dos pintinhos<\/strong>.<\/p>\n<p>O maior desafio veio logo na constru\u00e7\u00e3o do primeiro n\u00facleo, devido ao terreno irregular da regi\u00e3o. \u201cA terraplanagem foi uma das partes mais dif\u00edceis, mas a gente superou juntos\u201d, relembra. O esfor\u00e7o deu resultado: hoje, a estrutura moderna e <strong>totalmente climatizada<\/strong> abriga <strong>540 mil aves<\/strong> e mant\u00e9m parceria est\u00e1vel com a <strong>Seara<\/strong>, garantindo padr\u00e3o t\u00e9cnico e mercado assegurado.<\/p>\n<p>\u201cSeu Gerotto \u00e9 um produtor comprometido, valoriza seus colaboradores e tem baixa rotatividade de equipe\u201d, ressalta o t\u00e9cnico da integradora, destacando o profissionalismo da gest\u00e3o familiar.<\/p>\n<h3 class=\"wp-block-heading has-vivid-red-color has-text-color has-link-color wp-elements-af033665299fd74db3bdf6a9dde7031e\" id=\"h-familia-unida-gestao-eficiente-e-metas-ousadas\"><strong>Fam\u00edlia unida, gest\u00e3o eficiente e metas ousadas<\/strong><\/h3>\n<p>O segredo do sucesso est\u00e1 na parceria entre pai e filho. Jo\u00e3o Vitor assumiu a <strong>administra\u00e7\u00e3o financeira e estrat\u00e9gica<\/strong> da opera\u00e7\u00e3o. \u201cEu vejo o saldo e discuto cada gasto com ele. N\u00e3o compro nada sem a autoriza\u00e7\u00e3o dele\u201d, diz o pai, orgulhoso. A rela\u00e7\u00e3o transparente e o controle r\u00edgido de custos permitiram <strong>crescer com seguran\u00e7a<\/strong>, projetando os 22 avi\u00e1rios at\u00e9 2028.<\/p>\n<p>Hoje, <strong>90% do tempo e dos recursos da fam\u00edlia est\u00e3o voltados \u00e0 avicultura<\/strong>. \u201cEsse \u00e9 o nosso legado. A gente quer continuar expandindo com responsabilidade\u201d, afirma Jo\u00e3o Vitor. A estrutura tamb\u00e9m reflete o perfil inovador do grupo, com investimentos em <strong>equipamentos para manejo eficiente<\/strong>, como trituradores e sistemas de desidrata\u00e7\u00e3o de res\u00edduos, que reduzem desperd\u00edcios e melhoram a sustentabilidade.<\/p>\n<p>Mesmo com pouco apoio inicial, o empres\u00e1rio n\u00e3o desanimou. \u201cFoi tudo na ra\u00e7a. No come\u00e7o, ningu\u00e9m abria n\u00fameros. Fomos aprendendo com o tempo. Mas valeu a pena\u201d, refor\u00e7ou seu Gerotto, que hoje se orgulha do reconhecimento no setor.<\/p>\n<h3 class=\"wp-block-heading has-vivid-red-color has-text-color has-link-color wp-elements-c5df50047fb7c3beb16803c31d302d9b\" id=\"h-exemplo-de-uniao-e-visao-de-futuro-no-campo\"><strong>Exemplo de uni\u00e3o e vis\u00e3o de futuro no campo<\/strong><\/h3>\n<p>A conviv\u00eancia entre pai e filho se tornou um s\u00edmbolo de <strong>sucess\u00e3o bem-sucedida<\/strong>. \u201cO que mais admiro no meu pai \u00e9 a coragem. Quando ele coloca uma coisa na cabe\u00e7a, ele vai at\u00e9 o fim\u201d, diz Jo\u00e3o Vitor. O pai retribui com emo\u00e7\u00e3o: \u201cMeu her\u00f3i sempre foi meu pai. Espero ser o her\u00f3i do meu filho tamb\u00e9m.\u201d<\/p>\n<p>A fam\u00edlia acredita que a <strong>vida no campo ensina valores duradouros<\/strong>, como paci\u00eancia, zelo e perseveran\u00e7a. <\/p>\n<blockquote class=\"wp-block-quote is-layout-flow wp-block-quote-is-layout-flow\">\n<p>\u201cQuem n\u00e3o cuida, n\u00e3o colhe. E o campo ensina isso todos os dias\u201d, reflete seu Gerotto.<\/p>\n<\/blockquote>\n<p>Com vis\u00e3o estrat\u00e9gica e amor pela atividade, os planos seguem firmes: <strong>ampliar a produ\u00e7\u00e3o, investir em tecnologia e continuar gerando empregos e alimento para o pa\u00eds<\/strong>. \u201cA demanda por frango s\u00f3 cresce. O frango \u00e9 consumido no mundo inteiro. Temos muito ch\u00e3o pela frente\u201d, afirma com confian\u00e7a.<\/p>\n<p><em>*Sob supervis\u00e3o de Luis Roberto Toledo<\/em><\/p>\n<hr class=\"wp-block-separator has-alpha-channel-opacity\"\/>\n<p>\ud83e\udde1 O Interligados \u2013 Vida no Campo j\u00e1 percorreu v\u00e1rios estados brasileiros para contar hist\u00f3rias de quem vive no campo. Agora, qual ser\u00e1 a nossa pr\u00f3xima parada? Pode ser justamente a\u00ed, na sua propriedade!<\/p>\n<p>\ud83d\udd17<a href=\"https:\/\/novidades.canalrural.com.br\/interligados\"><strong>Clique aqui e preencha o formul\u00e1rio<\/strong><\/a> e tenha a chance de receber nossa equipe na sua granja. Queremos te conhecer!<\/p>\n<\/p><\/div>\n<p><br \/>\n<br \/><a href=\"https:\/\/www.canalrural.com.br\/aves-e-suinos\/avicultura-transforma-historia-de-familia-em-sao-paulo\/\">Source link <\/a><\/p>\n","protected":false},"excerpt":{"rendered":"<p>A avicultura transformou a hist\u00f3ria da fam\u00edlia Gerotto, em Mirassol (SP). O que come\u00e7ou como uma aposta ousada de diversifica\u00e7\u00e3o<\/p>\n","protected":false},"author":1,"featured_media":22398,"comment_status":"open","ping_status":"open","sticky":false,"template":"","format":"standard","meta":{"_monsterinsights_skip_tracking":false,"_monsterinsights_sitenote_active":false,"_monsterinsights_sitenote_note":"","_monsterinsights_sitenote_category":0,"_uf_show_specific_survey":0,"_uf_disable_surveys":false,"footnotes":""},"categories":[1],"tags":[],"class_list":["post-22397","post","type-post","status-publish","format-standard","has-post-thumbnail","hentry","category-news"],"_links":{"self":[{"href":"https:\/\/agromt.news\/index.php?rest_route=\/wp\/v2\/posts\/22397"}],"collection":[{"href":"https:\/\/agromt.news\/index.php?rest_route=\/wp\/v2\/posts"}],"about":[{"href":"https:\/\/agromt.news\/index.php?rest_route=\/wp\/v2\/types\/post"}],"author":[{"embeddable":true,"href":"https:\/\/agromt.news\/index.php?rest_route=\/wp\/v2\/users\/1"}],"replies":[{"embeddable":true,"href":"https:\/\/agromt.news\/index.php?rest_route=%2Fwp%2Fv2%2Fcomments&post=22397"}],"version-history":[{"count":0,"href":"https:\/\/agromt.news\/index.php?rest_route=\/wp\/v2\/posts\/22397\/revisions"}],"wp:featuredmedia":[{"embeddable":true,"href":"https:\/\/agromt.news\/index.php?rest_route=\/wp\/v2\/media\/22398"}],"wp:attachment":[{"href":"https:\/\/agromt.news\/index.php?rest_route=%2Fwp%2Fv2%2Fmedia&parent=22397"}],"wp:term":[{"taxonomy":"category","embeddable":true,"href":"https:\/\/agromt.news\/index.php?rest_route=%2Fwp%2Fv2%2Fcategories&post=22397"},{"taxonomy":"post_tag","embeddable":true,"href":"https:\/\/agromt.news\/index.php?rest_route=%2Fwp%2Fv2%2Ftags&post=22397"}],"curies":[{"name":"wp","href":"https:\/\/api.w.org\/{rel}","templated":true}]}}