{"id":22332,"date":"2025-10-17T16:11:50","date_gmt":"2025-10-17T20:11:50","guid":{"rendered":"https:\/\/agromt.news\/?p=22332"},"modified":"2025-10-17T16:11:50","modified_gmt":"2025-10-17T20:11:50","slug":"ciclone-se-forma-no-fim-de-semana-e-traz-alerta-de-temporais-saiba-quais-estados-serao-atingidos","status":"publish","type":"post","link":"https:\/\/agromt.news\/?p=22332","title":{"rendered":"Ciclone se forma no fim de semana e traz alerta de temporais; saiba quais estados ser\u00e3o atingidos"},"content":{"rendered":"<p> <br \/>\n<br \/><img decoding=\"async\" src=\"https:\/\/agromt.news\/wp-content\/uploads\/2025\/07\/Frente-fria-avanca-e-ciclone-extratropical-provoca-ventos-fortes.jpg\" \/><\/p>\n<div>\n<p>Os pr\u00f3ximos dias ser\u00e3o marcados por fortes temporais e uma queda acentuada nas temperaturas no Centro-Sul do pa\u00eds. A forma\u00e7\u00e3o de um ciclone extratropical entre o Sul e o Sudeste do Brasil deve provocar chuva volumosa, ventos intensos e frio a partir do domingo (19), segundo previs\u00e3o do meteorologista Arthur M\u00fcller, do <strong>Canal Rural<\/strong>.<\/p>\n<p>De acordo com M\u00fcller, o sistema come\u00e7a a se organizar a partir de um cavado atmosf\u00e9rico que se intensifica ao longo desta sexta-feira (17), avan\u00e7ando em dire\u00e7\u00e3o \u00e0 regi\u00e3o Sudeste.<\/p>\n<p>\u201cEsse cavado vai dar origem ao ciclone extratropical no fim de semana\u201d, explicou o meteorologista durante o <em>Mercado &amp; Cia<\/em> desta sexta-feira (17).<\/p>\n<p>Na quinta-feira (16), as rajadas de vento j\u00e1 chegaram a 104 km\/h em Nova Tebas (PR), segundo dados do Instituto Nacional de Meteorologia (Inmet), um sinal da for\u00e7a do sistema que se aproxima.<\/p>\n<h2 class=\"wp-block-heading\" id=\"h-regioes-em-alerta\">Regi\u00f5es em alerta<\/h2>\n<p>Nesta sexta-feira, o alerta \u00e9 vermelho para temporais em Santa Catarina, Paran\u00e1, S\u00e3o Paulo e Mato Grosso do Sul, com risco de ventania, descargas el\u00e9tricas e eventual queda de granizo.<\/p>\n<p>J\u00e1 no s\u00e1bado (18), as chuvas mais intensas devem se concentrar no interior de S\u00e3o Paulo, no norte do Paran\u00e1 e em Mato Grosso do Sul.<\/p>\n<p>Com a forma\u00e7\u00e3o do ciclone entre s\u00e1bado e domingo, o sistema avan\u00e7a e leva chuva para o Sudeste e parte do Centro-Oeste. A frente fria associada ao fen\u00f4meno tamb\u00e9m deve provocar precipita\u00e7\u00f5es na Bahia no in\u00edcio da pr\u00f3xima semana, quebrando o per\u00edodo de calor e tempo seco.<\/p>\n<h2 class=\"wp-block-heading\" id=\"h-volumes-de-chuva-e-temperaturas\">Volumes de chuva e temperaturas<\/h2>\n<p>Os acumulados podem ultrapassar 100 mil\u00edmetros no litoral de S\u00e3o Paulo e do Rio de Janeiro, segundo Muller. No interior de S\u00e3o Paulo, em Minas Gerais e Mato Grosso do Sul, a chuva deve ficar entre 30 e 40 mil\u00edmetros.Na Bahia, especialmente na por\u00e7\u00e3o oeste, os volumes podem passar de 50 mil\u00edmetros no come\u00e7o da semana.<\/p>\n<p>Em contrapartida, o Sul do pa\u00eds deve voltar a ter tempo firme ap\u00f3s as chuvas deste fim de semana, mas com queda acentuada das temperaturas. \u201cDepois da chuva, vem o frio. O sistema de alta press\u00e3o predomina e as m\u00ednimas caem para a casa dos 10\u00b0C ou menos nas \u00e1reas de baixada\u201d, explicou M\u00fcller.<\/p>\n<p>As m\u00ednimas podem chegar a 3\u00b0C em S\u00e3o Joaquim (SC) no domingo (19), com risco de geada restrito \u00e0 Serra Ga\u00facha e Serra Catarinense.<\/p>\n<p>O frio tamb\u00e9m alcan\u00e7a o Sul de Mato Grosso do Sul, S\u00e3o Paulo, Sul de Minas e Rio de Janeiro, com temperaturas variando entre 13\u00b0C e 14\u00b0C nas madrugadas e m\u00e1ximas que n\u00e3o devem ultrapassar 20\u00b0C at\u00e9 ter\u00e7a-feira (21).<\/p>\n<p><iframe title=\"Ciclone extratropical deve chegar ao Sudeste neste fim de semana\" width=\"800\" height=\"450\" src=\"https:\/\/www.youtube.com\/embed\/CYg4RFKJbxI?feature=oembed\" frameborder=\"0\" allow=\"accelerometer; autoplay; clipboard-write; encrypted-media; gyroscope; picture-in-picture; web-share\" referrerpolicy=\"strict-origin-when-cross-origin\" allowfullscreen><\/iframe><noscript><iframe title=\"Ciclone extratropical deve chegar ao Sudeste neste fim de semana\" width=\"800\" height=\"450\" src=\"https:\/\/www.youtube.com\/embed\/CYg4RFKJbxI?feature=oembed\" frameborder=\"0\" allow=\"accelerometer; autoplay; clipboard-write; encrypted-media; gyroscope; picture-in-picture; web-share\" referrerpolicy=\"strict-origin-when-cross-origin\" allowfullscreen><\/iframe><\/noscript><\/p>\n<div data-icp-cta=\"1\" id=\"icp-cta-unique\">Voc\u00ea quer entender como usar o clima a seu favor?<b> <\/b><a href=\"https:\/\/climacampo.canalrural.com.br\/climacampo_-01\">Preparamos um e-book exclusivo<\/a> para ajudar produtores rurais a se antecipar \u00e0s mudan\u00e7as do tempo e planejar melhor suas a\u00e7\u00f5es. Com base em previs\u00f5es meteorol\u00f3gicas confi\u00e1veis, ele oferece orienta\u00e7\u00f5es pr\u00e1ticas para proteger sua lavoura e otimizar seus resultados.<\/div>\n<\/div>\n<p><br \/>\n<br \/><a href=\"https:\/\/www.canalrural.com.br\/tempo\/ciclone-se-forma-no-fim-de-semana-e-traz-alerta-de-temporais-saiba-quais-estados-serao-atingidos\/\">Source link <\/a><\/p>\n","protected":false},"excerpt":{"rendered":"<p>Os pr\u00f3ximos dias ser\u00e3o marcados por fortes temporais e uma queda acentuada nas temperaturas no Centro-Sul do pa\u00eds. A forma\u00e7\u00e3o<\/p>\n","protected":false},"author":1,"featured_media":16924,"comment_status":"open","ping_status":"open","sticky":false,"template":"","format":"standard","meta":{"_monsterinsights_skip_tracking":false,"_monsterinsights_sitenote_active":false,"_monsterinsights_sitenote_note":"","_monsterinsights_sitenote_category":0,"_uf_show_specific_survey":0,"_uf_disable_surveys":false,"footnotes":""},"categories":[1],"tags":[],"class_list":["post-22332","post","type-post","status-publish","format-standard","has-post-thumbnail","hentry","category-news"],"_links":{"self":[{"href":"https:\/\/agromt.news\/index.php?rest_route=\/wp\/v2\/posts\/22332"}],"collection":[{"href":"https:\/\/agromt.news\/index.php?rest_route=\/wp\/v2\/posts"}],"about":[{"href":"https:\/\/agromt.news\/index.php?rest_route=\/wp\/v2\/types\/post"}],"author":[{"embeddable":true,"href":"https:\/\/agromt.news\/index.php?rest_route=\/wp\/v2\/users\/1"}],"replies":[{"embeddable":true,"href":"https:\/\/agromt.news\/index.php?rest_route=%2Fwp%2Fv2%2Fcomments&post=22332"}],"version-history":[{"count":0,"href":"https:\/\/agromt.news\/index.php?rest_route=\/wp\/v2\/posts\/22332\/revisions"}],"wp:featuredmedia":[{"embeddable":true,"href":"https:\/\/agromt.news\/index.php?rest_route=\/wp\/v2\/media\/16924"}],"wp:attachment":[{"href":"https:\/\/agromt.news\/index.php?rest_route=%2Fwp%2Fv2%2Fmedia&parent=22332"}],"wp:term":[{"taxonomy":"category","embeddable":true,"href":"https:\/\/agromt.news\/index.php?rest_route=%2Fwp%2Fv2%2Fcategories&post=22332"},{"taxonomy":"post_tag","embeddable":true,"href":"https:\/\/agromt.news\/index.php?rest_route=%2Fwp%2Fv2%2Ftags&post=22332"}],"curies":[{"name":"wp","href":"https:\/\/api.w.org\/{rel}","templated":true}]}}