{"id":22328,"date":"2025-10-17T15:39:16","date_gmt":"2025-10-17T19:39:16","guid":{"rendered":"https:\/\/agromt.news\/?p=22328"},"modified":"2025-10-17T15:39:16","modified_gmt":"2025-10-17T19:39:16","slug":"cop30-estimula-debates-e-cursos-sobre-sustentabilidade","status":"publish","type":"post","link":"https:\/\/agromt.news\/?p=22328","title":{"rendered":"COP30 estimula debates e cursos sobre sustentabilidade"},"content":{"rendered":"<p> <br \/>\n<\/p>\n<div>\n<div class=\"row\">\n<div class=\"col-lg col-infos mt-0 mt-lg-0\">\n<div class=\"section-sub-title\">\n<p itemprop=\"description\">&#13;<br \/>\n                                Aulas ficar\u00e3o dispon\u00edveis por seis meses ap\u00f3s a conclus\u00e3o da jornada&#13;\n                            <\/p>\n<\/p><\/div>\n<div class=\"container\">\n<div class=\"row\">\n<div class=\"col-lg p-0 text-lg-end\">\n<div>\n<div id=\"mdEnviarPagina\" class=\"modal fade\" role=\"dialog\">\n<div class=\"modal-dialog\">\n<div class=\"modal-content\">\n<div class=\"modal-body\">\n<p><strong>Estimado usu\u00e1rio.<\/strong><br \/>Preencha o formul\u00e1rio abaixo para remeter a p\u00e1gina.<\/p>\n<\/p><\/div>\n<\/p><\/div>\n<\/p><\/div>\n<\/div><\/div>\n<\/p><\/div>\n<\/p><\/div>\n<\/p><\/div>\n<\/p><\/div>\n<\/p><\/div>\n<div class=\"row justify-content-md-center mt-3\">\n<div class=\"col-lg-auto col-image block-news-main-image\">\n<p>                                <img decoding=\"async\" src=\"https:\/\/www.agrolink.com.br\/upload\/imagens-resizes\/5c97dbe48e724699be6db5e13b16d3ef_858x483.jpg\" class=\"lazyload img-fluid\"\/><br \/>\n                                                <span class=\"publicity-photo d-block mt-1\">Foto: Divulga\u00e7\u00e3o<\/span><\/p><\/div>\n<\/p><\/div>\n<div class=\"section-description section-description-noticias mt-3\">\n<p style=\"text-align:justify\">Com a proximidade da COP30, que acontecer\u00e1 em novembro de 2025 em Bel\u00e9m (PA), a discuss\u00e3o sobre sustentabilidade no agroneg\u00f3cio brasileiro ganha for\u00e7a. Dentro desse contexto, a NetZero Collab lan\u00e7ou a &#8220;Jornada Agro 5.0&#8221;, um programa de capacita\u00e7\u00e3o voltado a executivos, produtores rurais e profissionais do setor que desejam se aprofundar em pr\u00e1ticas sustent\u00e1veis e tecnologias inovadoras.&#13;\n<\/p>\n<p style=\"text-align:justify\">Dividida em tr\u00eas etapas \u2014 Guia de Bolso, evento de abertura e curso imersivo \u2014 a Jornada busca oferecer uma trilha educacional completa, aliando ci\u00eancia, gest\u00e3o e inova\u00e7\u00e3o. Com temas como Agricultura de Precis\u00e3o, Integra\u00e7\u00e3o Lavoura-Pecu\u00e1ria-Floresta, carbono, uso da terra e cr\u00e9dito verde, o curso tem o objetivo de preparar o setor para liderar a transi\u00e7\u00e3o para uma economia de baixo carbono.&#13;\n<\/p>\n<p style=\"text-align:justify\">As inscri\u00e7\u00f5es continuam abertas pelo site <a href=\"http:\/\/www.netzeroco.com.br\/jornadaagro\" target=\"_blank\" rel=\"noopener\">www.netzeroco.com.br\/jornadaagro <\/a>,\u00a0\u00a0e as aulas ficar\u00e3o dispon\u00edveis por seis meses ap\u00f3s a conclus\u00e3o da jornada.<\/p>\n<\/p><\/div>\n<\/p><\/div>\n<p><script data-cfasync=\"false\">\n    !function (f, b, e, v, n, t, s) {\n        if (f.fbq) return; n = f.fbq = function () {\n            n.callMethod ?\n                n.callMethod.apply(n, arguments) : n.queue.push(arguments)\n        };\n        if (!f._fbq) f._fbq = n; n.push = n; n.loaded = !0; n.version = '2.0';\n        n.queue = []; t = b.createElement(e); t.async = !0;\n        t.src = v; s = b.getElementsByTagName(e)[0];\n        s.parentNode.insertBefore(t, s)\n    }(window, document, 'script',\n        'https:\/\/connect.facebook.net\/en_US\/fbevents.js');\n    fbq('init', '522546078623747');\n    fbq('track', 'PageView');\n<\/script><br \/>\n<br \/><br \/>\n<br \/><a href=\"https:\/\/www.agrolink.com.br\/noticias\/cop30-estimula-debates-e-cursos-sobre-sustentabilidade_507081.html\">Source link <\/a><\/p>\n","protected":false},"excerpt":{"rendered":"<p>&#13; Aulas ficar\u00e3o dispon\u00edveis por seis meses ap\u00f3s a conclus\u00e3o da jornada&#13; Estimado usu\u00e1rio.Preencha o formul\u00e1rio abaixo para remeter a<\/p>\n","protected":false},"author":1,"featured_media":22329,"comment_status":"open","ping_status":"open","sticky":false,"template":"","format":"standard","meta":{"_monsterinsights_skip_tracking":false,"_monsterinsights_sitenote_active":false,"_monsterinsights_sitenote_note":"","_monsterinsights_sitenote_category":0,"_uf_show_specific_survey":0,"_uf_disable_surveys":false,"footnotes":""},"categories":[8,1,14],"tags":[],"class_list":["post-22328","post","type-post","status-publish","format-standard","has-post-thumbnail","hentry","category-agro","category-news","category-politica-agro"],"_links":{"self":[{"href":"https:\/\/agromt.news\/index.php?rest_route=\/wp\/v2\/posts\/22328"}],"collection":[{"href":"https:\/\/agromt.news\/index.php?rest_route=\/wp\/v2\/posts"}],"about":[{"href":"https:\/\/agromt.news\/index.php?rest_route=\/wp\/v2\/types\/post"}],"author":[{"embeddable":true,"href":"https:\/\/agromt.news\/index.php?rest_route=\/wp\/v2\/users\/1"}],"replies":[{"embeddable":true,"href":"https:\/\/agromt.news\/index.php?rest_route=%2Fwp%2Fv2%2Fcomments&post=22328"}],"version-history":[{"count":0,"href":"https:\/\/agromt.news\/index.php?rest_route=\/wp\/v2\/posts\/22328\/revisions"}],"wp:featuredmedia":[{"embeddable":true,"href":"https:\/\/agromt.news\/index.php?rest_route=\/wp\/v2\/media\/22329"}],"wp:attachment":[{"href":"https:\/\/agromt.news\/index.php?rest_route=%2Fwp%2Fv2%2Fmedia&parent=22328"}],"wp:term":[{"taxonomy":"category","embeddable":true,"href":"https:\/\/agromt.news\/index.php?rest_route=%2Fwp%2Fv2%2Fcategories&post=22328"},{"taxonomy":"post_tag","embeddable":true,"href":"https:\/\/agromt.news\/index.php?rest_route=%2Fwp%2Fv2%2Ftags&post=22328"}],"curies":[{"name":"wp","href":"https:\/\/api.w.org\/{rel}","templated":true}]}}