{"id":22326,"date":"2025-10-17T15:25:37","date_gmt":"2025-10-17T19:25:37","guid":{"rendered":"https:\/\/agromt.news\/?p=22326"},"modified":"2025-10-17T15:25:37","modified_gmt":"2025-10-17T19:25:37","slug":"pequenos-produtores-mostram-forca-e-inovacao-na-feira-do-empreendedor","status":"publish","type":"post","link":"https:\/\/agromt.news\/?p=22326","title":{"rendered":"Pequenos produtores mostram for\u00e7a e inova\u00e7\u00e3o na Feira do Empreendedor"},"content":{"rendered":"<p> <br \/>\n<br \/><img decoding=\"async\" src=\"https:\/\/agromt.news\/wp-content\/uploads\/2025\/10\/Pequenos-produtores-mostram-forca-e-inovacao-na-Feira-do-Empreendedor.jpg\" \/><\/p>\n<div>\n<p>Na 14\u00aa edi\u00e7\u00e3o da Feira do Empreendedor (FE25), o pequeno produtor rural ganhou destaque ao mostrar que \u00e9 poss\u00edvel unir tradi\u00e7\u00e3o, inova\u00e7\u00e3o e sustentabilidade. <\/p>\n<p>Com quase mil itens expostos, sendo 60 voltados ao agroneg\u00f3cio, o evento refor\u00e7ou a for\u00e7a do campo na economia e a import\u00e2ncia do conhecimento para quem vive da terra.<\/p>\n<p>Entre os participantes, a barista Ana Carolina do Valle destacou o papel do Sebrae no crescimento cafeeiro.<\/p>\n<p>\u201cO Sebrae oferece diversos cursos de capacita\u00e7\u00e3o. Mesmo sendo um neg\u00f3cio de caf\u00e9, precisamos desenvolver v\u00e1rias \u00e1reas para ter uma vida financeira saud\u00e1vel\u201d, explicou. Segundo ela, a troca com outros empreendedores ajuda a fortalecer la\u00e7os e abrir novos caminhos de mercado.<\/p>\n<p>Outro exemplo de sucesso \u00e9 o de Amen Khalil, produtor do S\u00edtio do Pinho, especializado em frutas org\u00e2nicas e produtos da Mata Atl\u00e2ntica. <\/p>\n<p>\u201cA gente se preparou o ano inteiro para essa feira. Estar aqui \u00e9 o coroamento do trabalho que fazemos com amor e dedica\u00e7\u00e3o\u201d, contou. Suas geleias e antepastos artesanais chamaram a aten\u00e7\u00e3o do p\u00fablico pela qualidade e autenticidade.<\/p>\n<h3 class=\"wp-block-heading\" id=\"h-inteligencia-empreendedora-no-agronegocio\">Intelig\u00eancia empreendedora no agroneg\u00f3cio<\/h3>\n<p>De acordo com Rodrigo Poli, consultor do Sebrae\/SP, a intelig\u00eancia empreendedora \u00e9 a chave para o desenvolvimento rural. \u201cAjudamos o produtor a entender modelos de gest\u00e3o e comportamento, identificando oportunidades de mercado e reduzindo custos\u201d, explicou. Um dos destaques da feira foi o Sebrae M\u00f3vel, escrit\u00f3rio sobre rodas que levar\u00e1 capacita\u00e7\u00e3o a regi\u00f5es sem unidades fixas. A Feira do Empreendedor vai at\u00e9 s\u00e1bado (18), na Expo S\u00e3o Paulo. <\/p>\n<\/p><\/div>\n<p><br \/>\n<br \/><a href=\"https:\/\/www.canalrural.com.br\/empreendedorismo\/pequenos-produtores-mostram-forca-e-inovacao-na-feira-do-empreendedor\/\">Source link <\/a><\/p>\n","protected":false},"excerpt":{"rendered":"<p>Na 14\u00aa edi\u00e7\u00e3o da Feira do Empreendedor (FE25), o pequeno produtor rural ganhou destaque ao mostrar que \u00e9 poss\u00edvel unir<\/p>\n","protected":false},"author":1,"featured_media":22327,"comment_status":"open","ping_status":"open","sticky":false,"template":"","format":"standard","meta":{"_monsterinsights_skip_tracking":false,"_monsterinsights_sitenote_active":false,"_monsterinsights_sitenote_note":"","_monsterinsights_sitenote_category":0,"_uf_show_specific_survey":0,"_uf_disable_surveys":false,"footnotes":""},"categories":[1],"tags":[],"class_list":["post-22326","post","type-post","status-publish","format-standard","has-post-thumbnail","hentry","category-news"],"_links":{"self":[{"href":"https:\/\/agromt.news\/index.php?rest_route=\/wp\/v2\/posts\/22326"}],"collection":[{"href":"https:\/\/agromt.news\/index.php?rest_route=\/wp\/v2\/posts"}],"about":[{"href":"https:\/\/agromt.news\/index.php?rest_route=\/wp\/v2\/types\/post"}],"author":[{"embeddable":true,"href":"https:\/\/agromt.news\/index.php?rest_route=\/wp\/v2\/users\/1"}],"replies":[{"embeddable":true,"href":"https:\/\/agromt.news\/index.php?rest_route=%2Fwp%2Fv2%2Fcomments&post=22326"}],"version-history":[{"count":0,"href":"https:\/\/agromt.news\/index.php?rest_route=\/wp\/v2\/posts\/22326\/revisions"}],"wp:featuredmedia":[{"embeddable":true,"href":"https:\/\/agromt.news\/index.php?rest_route=\/wp\/v2\/media\/22327"}],"wp:attachment":[{"href":"https:\/\/agromt.news\/index.php?rest_route=%2Fwp%2Fv2%2Fmedia&parent=22326"}],"wp:term":[{"taxonomy":"category","embeddable":true,"href":"https:\/\/agromt.news\/index.php?rest_route=%2Fwp%2Fv2%2Fcategories&post=22326"},{"taxonomy":"post_tag","embeddable":true,"href":"https:\/\/agromt.news\/index.php?rest_route=%2Fwp%2Fv2%2Ftags&post=22326"}],"curies":[{"name":"wp","href":"https:\/\/api.w.org\/{rel}","templated":true}]}}