{"id":22301,"date":"2025-10-17T07:46:30","date_gmt":"2025-10-17T11:46:30","guid":{"rendered":"https:\/\/agromt.news\/?p=22301"},"modified":"2025-10-17T07:46:30","modified_gmt":"2025-10-17T11:46:30","slug":"frente-fria-muda-o-tempo-no-fim-de-semana-e-provoca-chuva-e-queda-de-temperaturas","status":"publish","type":"post","link":"https:\/\/agromt.news\/?p=22301","title":{"rendered":"Frente fria muda o tempo no fim de semana e provoca chuva e queda de temperaturas"},"content":{"rendered":"<p> <br \/>\n<br \/><img decoding=\"async\" src=\"https:\/\/agromt.news\/wp-content\/uploads\/2025\/05\/4Vgpztle-tempo.jpg\" \/><\/p>\n<div>\n<p>A aproxima\u00e7\u00e3o de uma nova frente fria muda as condi\u00e7\u00f5es do tempo a partir desta sexta-feira (17) e provoca chuva em v\u00e1rias regi\u00f5es do pa\u00eds. O sistema deve refor\u00e7ar \u00e1reas de instabilidade no Sul e, ao longo do fim de semana, avan\u00e7ar para o Sudeste e parte do Centro-Oeste, trazendo tamb\u00e9m queda nas temperaturas e ventos fortes.<\/p>\n<h2 class=\"wp-block-heading\" id=\"h-sul\">Sul<\/h2>\n<p>Uma \u00e1rea de baixa press\u00e3o sobre o Paraguai e a forma\u00e7\u00e3o de um cavado meteorol\u00f3gico refor\u00e7am as instabilidades sobre a regi\u00e3o Sul nesta sexta-feira (17). As pancadas de chuva ganham for\u00e7a no Rio Grande do Sul ainda pela manh\u00e3, com intensidade moderada a forte e risco de raios e trovoadas. Durante a tarde, a chuva avan\u00e7a para Santa Catarina e o Paran\u00e1. H\u00e1 alerta para temporais isolados, com chance de granizo e rajadas de vento.<\/p>\n<p>O s\u00e1bado (18) segue inst\u00e1vel, especialmente na metade norte ga\u00facha, em Santa Catarina e no Paran\u00e1, com pancadas fortes e risco de novos temporais. \u00c0 noite, as chuvas diminuem e ficam mais restritas ao litoral. No domingo (19) , a massa de ar frio associada \u00e0 frente fria avan\u00e7a sobre a regi\u00e3o, provocando queda nas temperaturas e sensa\u00e7\u00e3o de frio, enquanto a chuva enfraquece e se concentra apenas na faixa litor\u00e2nea.<\/p>\n<h2 class=\"wp-block-heading\" id=\"h-sudeste\">Sudeste<\/h2>\n<p>O calor e a umidade favorecem pancadas de chuva no interior de S\u00e3o Paulo e Minas Gerais nesta sexta-feira (17). No sul e oeste paulista, al\u00e9m do Tri\u00e2ngulo Mineiro, h\u00e1 risco de chuva localmente forte com raios e ventos.<\/p>\n<p>No s\u00e1bado, com o avan\u00e7o da frente fria, as pancadas se espalham por S\u00e3o Paulo, Rio de Janeiro, centro-sul e oeste de Minas Gerais, Tri\u00e2ngulo Mineiro e sul do Esp\u00edrito Santo, podendo ocorrer temporais em algumas \u00e1reas. No domingo, as instabilidades se deslocam para Minas, Rio e Esp\u00edrito Santo. Em S\u00e3o Paulo, a chuva se concentra no norte e no litoral, e a temperatura cai com a entrada do ar frio.<\/p>\n<h2 class=\"wp-block-heading\" id=\"h-centro-oeste\">Centro-Oeste<\/h2>\n<p>O fluxo de umidade que vem do Norte mant\u00e9m as condi\u00e7\u00f5es para pancadas de chuva nesta sexta-feira (17) em parte do Centro-Oeste. A instabilidade se intensifica no Mato Grosso do Sul, especialmente na metade sul do estado, onde h\u00e1 risco de temporais. Em Mato Grosso e no sul de Goi\u00e1s, a chuva ocorre de forma isolada e irregular.<\/p>\n<p>No s\u00e1bado, o avan\u00e7o da frente fria estimula novas pancadas de chuva em Mato Grosso do Sul, centro-sul de Mato Grosso e Goi\u00e1s, com risco de temporais e queda de temperatura. No domingo, o tempo melhora no sul-mato-grossense, mas as instabilidades persistem em Mato Grosso e Goi\u00e1s.<\/p>\n<h2 class=\"wp-block-heading\" id=\"h-nordeste\">Nordeste<\/h2>\n<p>a entrada de ventos mar\u00edtimos favorece a forma\u00e7\u00e3o de nuvens carregadas na faixa leste do Nordeste, com chuva fraca e irregular entre o litoral da Bahia, Alagoas e Pernambuco nesta sexta-feira (17).<\/p>\n<p>No s\u00e1bado, o tempo segue semelhante, mas no domingo o avan\u00e7o da frente fria estimula pancadas de chuva mais fortes no sul e oeste da Bahia, com possibilidade de temporais localizados. Tamb\u00e9m pode chover no interior do Piau\u00ed e Maranh\u00e3o. O calor predomina em toda a regi\u00e3o.<\/p>\n<h2 class=\"wp-block-heading\" id=\"h-norte\">Norte<\/h2>\n<p>A sexta-feira segue com pancadas de chuva no Amazonas, Acre e Rond\u00f4nia, de forma irregular, mas com risco de temporais isolados.<\/p>\n<p>No s\u00e1bado, as chuvas ficam mais concentradas no norte do Amazonas, Roraima, sul de Rond\u00f4nia, oeste do Par\u00e1 e norte do Tocantins. No domingo, as instabilidades persistem e ganham for\u00e7a em Rond\u00f4nia, Acre e no centro-sul do Par\u00e1, com chuva mais intensa em alguns pontos. O tempo segue abafado em toda a regi\u00e3o.<\/p>\n<div data-icp-cta=\"1\" id=\"icp-cta-unique\">Voc\u00ea quer entender como usar o clima a seu favor?<b> <\/b><a href=\"https:\/\/climacampo.canalrural.com.br\/climacampo_-01\">Preparamos um e-book exclusivo<\/a> para ajudar produtores rurais a se antecipar \u00e0s mudan\u00e7as do tempo e planejar melhor suas a\u00e7\u00f5es. Com base em previs\u00f5es meteorol\u00f3gicas confi\u00e1veis, ele oferece orienta\u00e7\u00f5es pr\u00e1ticas para proteger sua lavoura e otimizar seus resultados.<\/div>\n<\/div>\n<p><br \/>\n<br \/><a href=\"https:\/\/www.canalrural.com.br\/tempo\/frente-fria-muda-o-tempo-no-fim-de-semana-e-provoca-chuva-e-queda-de-temperaturas\/\">Source link <\/a><\/p>\n","protected":false},"excerpt":{"rendered":"<p>A aproxima\u00e7\u00e3o de uma nova frente fria muda as condi\u00e7\u00f5es do tempo a partir desta sexta-feira (17) e provoca chuva<\/p>\n","protected":false},"author":1,"featured_media":13301,"comment_status":"open","ping_status":"open","sticky":false,"template":"","format":"standard","meta":{"_monsterinsights_skip_tracking":false,"_monsterinsights_sitenote_active":false,"_monsterinsights_sitenote_note":"","_monsterinsights_sitenote_category":0,"_uf_show_specific_survey":0,"_uf_disable_surveys":false,"footnotes":""},"categories":[1],"tags":[],"class_list":["post-22301","post","type-post","status-publish","format-standard","has-post-thumbnail","hentry","category-news"],"_links":{"self":[{"href":"https:\/\/agromt.news\/index.php?rest_route=\/wp\/v2\/posts\/22301"}],"collection":[{"href":"https:\/\/agromt.news\/index.php?rest_route=\/wp\/v2\/posts"}],"about":[{"href":"https:\/\/agromt.news\/index.php?rest_route=\/wp\/v2\/types\/post"}],"author":[{"embeddable":true,"href":"https:\/\/agromt.news\/index.php?rest_route=\/wp\/v2\/users\/1"}],"replies":[{"embeddable":true,"href":"https:\/\/agromt.news\/index.php?rest_route=%2Fwp%2Fv2%2Fcomments&post=22301"}],"version-history":[{"count":0,"href":"https:\/\/agromt.news\/index.php?rest_route=\/wp\/v2\/posts\/22301\/revisions"}],"wp:featuredmedia":[{"embeddable":true,"href":"https:\/\/agromt.news\/index.php?rest_route=\/wp\/v2\/media\/13301"}],"wp:attachment":[{"href":"https:\/\/agromt.news\/index.php?rest_route=%2Fwp%2Fv2%2Fmedia&parent=22301"}],"wp:term":[{"taxonomy":"category","embeddable":true,"href":"https:\/\/agromt.news\/index.php?rest_route=%2Fwp%2Fv2%2Fcategories&post=22301"},{"taxonomy":"post_tag","embeddable":true,"href":"https:\/\/agromt.news\/index.php?rest_route=%2Fwp%2Fv2%2Ftags&post=22301"}],"curies":[{"name":"wp","href":"https:\/\/api.w.org\/{rel}","templated":true}]}}