{"id":22294,"date":"2025-10-16T23:52:21","date_gmt":"2025-10-17T03:52:21","guid":{"rendered":"https:\/\/agromt.news\/?p=22294"},"modified":"2025-10-16T23:52:21","modified_gmt":"2025-10-17T03:52:21","slug":"futuros-do-cafe-sobem-com-recuperacao-do-real","status":"publish","type":"post","link":"https:\/\/agromt.news\/?p=22294","title":{"rendered":"Futuros do caf\u00e9 sobem com recupera\u00e7\u00e3o do real"},"content":{"rendered":"<p> <br \/>\n<\/p>\n<div>\n<div class=\"row\">\n<div class=\"col-lg col-infos mt-0 mt-lg-0\">\n<div class=\"section-sub-title\">\n<p itemprop=\"description\">&#13;<br \/>\n                                Na \u00faltima semana, os pre\u00e7os do caf\u00e9 haviam recuado&#13;\n                            <\/p>\n<\/p><\/div>\n<div class=\"container\">\n<div class=\"row\">\n<div class=\"col-lg p-0\">\n<div>\n<div class=\"block-news-main-infos mt-3 text-start\">\n<p>                                            <strong class=\"fn\" itemprop=\"author\" style=\"color: rgb(112, 112, 112); \">&#13;<br \/>\n                                                <a href=\"https:\/\/www.agrolink.com.br\/noticias\/javascript:;\" class=\"text-uppercase\" target=\"_blank\" style=\"color: rgb(112, 112, 112); \" rel=\"noopener\">Agrolink<\/a>&#13;<br \/>\n&#13;<br \/>\n                                                    &#8211; Leonardo Gottems&#13;<br \/>\n&#13;<br \/>\n                                            <\/strong><br \/>\n                                        <\/p>\n<p>                                            <abbr><time datetime=\"2025 - 10 - 16T02:30\" itemprop=\"datePublished dateModified\"> Publicado em 16\/10\/2025 \u00e0s 02:30h.<\/time><\/abbr>\n                                    <\/div>\n<\/p><\/div>\n<\/p><\/div>\n<div class=\"col-lg p-0 text-lg-end\">\n<div>\n<div id=\"mdEnviarPagina\" class=\"modal fade\" role=\"dialog\">\n<div class=\"modal-dialog\">\n<div class=\"modal-content\">\n<div class=\"modal-body\">\n<p><strong>Estimado usu\u00e1rio.<\/strong><br \/>Preencha o formul\u00e1rio abaixo para remeter a p\u00e1gina.<\/p>\n<\/p><\/div>\n<\/p><\/div>\n<\/p><\/div>\n<\/div><\/div>\n<\/p><\/div>\n<\/p><\/div>\n<\/p><\/div>\n<\/p><\/div>\n<\/p><\/div>\n<div class=\"row justify-content-md-center mt-3\">\n<div class=\"col-lg-auto col-image block-news-main-image\">\n<p>                                <img decoding=\"async\" src=\"https:\/\/www.agrolink.com.br\/upload\/imagens-resizes\/7a197cce5cb14db99a5cb45f25cf1f84_858x483.jpg\" class=\"lazyload img-fluid\" alt=\"Na \u00faltima semana, os pre\u00e7os do caf\u00e9 haviam recuado\"\/><br \/>\n                                                <span class=\"d-block mt-1\">Na \u00faltima semana, os pre\u00e7os do caf\u00e9 haviam recuado &#8211; Foto: Pixabay<\/span><\/p><\/div>\n<\/p><\/div>\n<div class=\"section-description section-description-noticias mt-3\">\n<p>Depois de uma semana de queda influenciada por fatores clim\u00e1ticos e geopol\u00edticos, os futuros do caf\u00e9 voltaram a subir impulsionados pela valoriza\u00e7\u00e3o do real frente ao d\u00f3lar. Segundo relat\u00f3rio da StoneX, a recupera\u00e7\u00e3o da moeda brasileira trouxe al\u00edvio tempor\u00e1rio ao mercado, ap\u00f3s a press\u00e3o exercida pela forte alta do d\u00f3lar e pelas incertezas no cen\u00e1rio internacional.&#13;\n<\/p>\n<p>Na \u00faltima semana, os pre\u00e7os do caf\u00e9 haviam recuado com a melhora nas previs\u00f5es de chuva nas principais regi\u00f5es produtoras do Brasil e pelo sinal de reaproxima\u00e7\u00e3o diplom\u00e1tica entre os governos brasileiro e americano. Essa mudan\u00e7a pol\u00edtica elevou as expectativas de uma poss\u00edvel suspens\u00e3o das tarifas impostas pelos Estados Unidos \u00e0s importa\u00e7\u00f5es de caf\u00e9 brasileiro, o que poderia favorecer o fluxo comercial do produto.<\/p>\n<p>Ao mesmo tempo, a intensifica\u00e7\u00e3o das tens\u00f5es entre Estados Unidos e China provocou um movimento global de avers\u00e3o ao risco, fortalecendo o d\u00f3lar e pressionando as commodities agr\u00edcolas. A escalada da guerra comercial levou a China a endurecer as regras sobre exporta\u00e7\u00f5es de terras raras, enquanto os EUA cogitam impor tarifas de at\u00e9 100% sobre produtos chineses. Com isso, o \u00edndice DXY \u2014 que mede o desempenho do d\u00f3lar frente a outras moedas \u2014 subiu 1,2%, para 98,61 pontos, enquanto o d\u00f3lar avan\u00e7ou 3,5% em rela\u00e7\u00e3o ao real, encerrando a semana a R$ 5,52.&#13;\n<\/p>\n<p>Em Nova Iorque, o contrato de caf\u00e9 mais negociado, com vencimento em dezembro, caiu 1.770 pontos, ou 4,5%, para US\u00a2 373,05 por libra-peso. J\u00e1 em Londres, o contrato de janeiro recuou US$ 131 por tonelada, ou 2,9%, para US$ 4.391. Apesar disso, a leve recupera\u00e7\u00e3o do real no in\u00edcio desta semana traz esperan\u00e7a de estabiliza\u00e7\u00e3o no curto prazo, \u00e0 medida que o mercado monitora o c\u00e2mbio e o avan\u00e7o das negocia\u00e7\u00f5es comerciais globais.<br \/>&#13;<br \/>\n\u00a0<\/p>\n<\/p><\/div>\n<\/p><\/div>\n<p><script data-cfasync=\"false\">\n    !function (f, b, e, v, n, t, s) {\n        if (f.fbq) return; n = f.fbq = function () {\n            n.callMethod ?\n                n.callMethod.apply(n, arguments) : n.queue.push(arguments)\n        };\n        if (!f._fbq) f._fbq = n; n.push = n; n.loaded = !0; n.version = '2.0';\n        n.queue = []; t = b.createElement(e); t.async = !0;\n        t.src = v; s = b.getElementsByTagName(e)[0];\n        s.parentNode.insertBefore(t, s)\n    }(window, document, 'script',\n        'https:\/\/connect.facebook.net\/en_US\/fbevents.js');\n    fbq('init', '522546078623747');\n    fbq('track', 'PageView');\n<\/script><br \/>\n<br \/><br \/>\n<br \/><a href=\"https:\/\/www.agrolink.com.br\/noticias\/futuros-do-cafe-sobem-com-recuperacao-do-real_507002.html\">Source link <\/a><\/p>\n","protected":false},"excerpt":{"rendered":"<p>&#13; Na \u00faltima semana, os pre\u00e7os do caf\u00e9 haviam recuado&#13; &#13; Agrolink&#13; &#13; &#8211; Leonardo Gottems&#13; &#13; Publicado em 16\/10\/2025<\/p>\n","protected":false},"author":1,"featured_media":22295,"comment_status":"open","ping_status":"open","sticky":false,"template":"","format":"standard","meta":{"_monsterinsights_skip_tracking":false,"_monsterinsights_sitenote_active":false,"_monsterinsights_sitenote_note":"","_monsterinsights_sitenote_category":0,"_uf_show_specific_survey":0,"_uf_disable_surveys":false,"footnotes":""},"categories":[8,1,14],"tags":[],"class_list":["post-22294","post","type-post","status-publish","format-standard","has-post-thumbnail","hentry","category-agro","category-news","category-politica-agro"],"_links":{"self":[{"href":"https:\/\/agromt.news\/index.php?rest_route=\/wp\/v2\/posts\/22294"}],"collection":[{"href":"https:\/\/agromt.news\/index.php?rest_route=\/wp\/v2\/posts"}],"about":[{"href":"https:\/\/agromt.news\/index.php?rest_route=\/wp\/v2\/types\/post"}],"author":[{"embeddable":true,"href":"https:\/\/agromt.news\/index.php?rest_route=\/wp\/v2\/users\/1"}],"replies":[{"embeddable":true,"href":"https:\/\/agromt.news\/index.php?rest_route=%2Fwp%2Fv2%2Fcomments&post=22294"}],"version-history":[{"count":0,"href":"https:\/\/agromt.news\/index.php?rest_route=\/wp\/v2\/posts\/22294\/revisions"}],"wp:featuredmedia":[{"embeddable":true,"href":"https:\/\/agromt.news\/index.php?rest_route=\/wp\/v2\/media\/22295"}],"wp:attachment":[{"href":"https:\/\/agromt.news\/index.php?rest_route=%2Fwp%2Fv2%2Fmedia&parent=22294"}],"wp:term":[{"taxonomy":"category","embeddable":true,"href":"https:\/\/agromt.news\/index.php?rest_route=%2Fwp%2Fv2%2Fcategories&post=22294"},{"taxonomy":"post_tag","embeddable":true,"href":"https:\/\/agromt.news\/index.php?rest_route=%2Fwp%2Fv2%2Ftags&post=22294"}],"curies":[{"name":"wp","href":"https:\/\/api.w.org\/{rel}","templated":true}]}}