{"id":22291,"date":"2025-10-16T22:38:12","date_gmt":"2025-10-17T02:38:12","guid":{"rendered":"https:\/\/agromt.news\/?p=22291"},"modified":"2025-10-16T22:38:12","modified_gmt":"2025-10-17T02:38:12","slug":"producao-de-laranja-abastece-merenda-escolar-e-garante-refeicao-nutritiva","status":"publish","type":"post","link":"https:\/\/agromt.news\/?p=22291","title":{"rendered":"Produ\u00e7\u00e3o de laranja abastece merenda escolar e garante refei\u00e7\u00e3o nutritiva"},"content":{"rendered":"<p> <br \/>\n<br \/><img decoding=\"async\" src=\"https:\/\/agromt.news\/wp-content\/uploads\/2024\/09\/ctWWzCBg-laranja_novaamericadacolina_greening_jaelson-Lucas_AEN.jpeg\" \/><\/p>\n<div>\n<p>O munic\u00edpio de Rio Preto da Eva, conhecido como \u201cTerra da Laranja\u201d e principal polo citr\u00edcola do Amazonas, se destaca pela produ\u00e7\u00e3o que abastece a merenda escolar em v\u00e1rias cidades do estado. A a\u00e7\u00e3o integra o Programa de Regionaliza\u00e7\u00e3o da Merenda Escolar (Preme), que prioriza alimentos frescos e fortalece a agricultura familiar.<\/p>\n<figure class=\"wp-block-embed wp-embed-aspect-16-9 wp-has-aspect-ratio  is-type-video is-provider-youtube wp-block-embed-youtube\"\/>\n<p>Na Fazenda Progresso, uma das tr\u00eas maiores produtoras de laranja do Amazonas, a colheita segue em ritmo acelerado. Ap\u00f3s a colheita, as laranjas seguem para o galp\u00e3o, onde passam por um rigoroso processo de lavagem, sele\u00e7\u00e3o e classifica\u00e7\u00e3o. O produtor, Alfredo Decares, acompanha de perto cada etapa para garantir que apenas frutas de qualidade cheguem \u00e0s escolas. <\/p>\n<p>Segundo ele, o maquin\u00e1rio separa as laranjas por tamanho e descarta aquelas com defeitos. O processo envolve dezenas de trabalhadores, desde a colheita at\u00e9 a sele\u00e7\u00e3o das frutas no galp\u00e3o. \u201cA laranja vem do campo, passa pela m\u00e1quina de lavagem e classifica\u00e7\u00e3o. As que n\u00e3o est\u00e3o apropriadas para venda s\u00e3o retiradas\u201d, detalha o produtor.<\/p>\n<h2 class=\"wp-block-heading\" id=\"h-vantagem-da-parceria\">Vantagem da parceria<\/h2>\n<p>Segundo o produtor Alfredo Decares, a parceria com o Programa de Regionaliza\u00e7\u00e3o da Merenda Escolar (Preme) garante estabilidade aos agricultores locais. Ele explica que, durante as grandes safras, quando o pre\u00e7o do mercado tende a cair, o fornecimento para a merenda escolar assegura uma renda justa e evita preju\u00edzos. <\/p>\n<p>As entregas variam conforme a demanda do programa, quando h\u00e1 fruta dispon\u00edvel, os pedidos s\u00e3o atendidos; caso contr\u00e1rio, os pedidos n\u00e3o s\u00e3o aceitos.<\/p>\n<h2 class=\"wp-block-heading\" id=\"h-producao-local\">Produ\u00e7\u00e3o local<\/h2>\n<p>Somente em 2025, mais de 1.200 produtores foram credenciados pelo programa, alcan\u00e7ando 42 munic\u00edpios do Amazonas. Entre os 31 itens que comp\u00f5em a merenda escolar, a laranja se destaca como s\u00edmbolo de qualidade e proced\u00eancia, saindo de Rio Preto da Eva para todo o estado. A produ\u00e7\u00e3o local fortalece a agricultura familiar e garante uma alimenta\u00e7\u00e3o mais nutritiva para os estudantes.<\/p>\n<\/p><\/div>\n<p><br \/>\n<br \/><a href=\"https:\/\/www.canalrural.com.br\/agricultura\/producao-de-laranja-abastece-merenda-escolar-e-garante-refeicao-nutritiva\/\">Source link <\/a><\/p>\n","protected":false},"excerpt":{"rendered":"<p>O munic\u00edpio de Rio Preto da Eva, conhecido como \u201cTerra da Laranja\u201d e principal polo citr\u00edcola do Amazonas, se destaca<\/p>\n","protected":false},"author":1,"featured_media":1145,"comment_status":"open","ping_status":"open","sticky":false,"template":"","format":"standard","meta":{"_monsterinsights_skip_tracking":false,"_monsterinsights_sitenote_active":false,"_monsterinsights_sitenote_note":"","_monsterinsights_sitenote_category":0,"_uf_show_specific_survey":0,"_uf_disable_surveys":false,"footnotes":""},"categories":[1],"tags":[],"class_list":["post-22291","post","type-post","status-publish","format-standard","has-post-thumbnail","hentry","category-news"],"_links":{"self":[{"href":"https:\/\/agromt.news\/index.php?rest_route=\/wp\/v2\/posts\/22291"}],"collection":[{"href":"https:\/\/agromt.news\/index.php?rest_route=\/wp\/v2\/posts"}],"about":[{"href":"https:\/\/agromt.news\/index.php?rest_route=\/wp\/v2\/types\/post"}],"author":[{"embeddable":true,"href":"https:\/\/agromt.news\/index.php?rest_route=\/wp\/v2\/users\/1"}],"replies":[{"embeddable":true,"href":"https:\/\/agromt.news\/index.php?rest_route=%2Fwp%2Fv2%2Fcomments&post=22291"}],"version-history":[{"count":0,"href":"https:\/\/agromt.news\/index.php?rest_route=\/wp\/v2\/posts\/22291\/revisions"}],"wp:featuredmedia":[{"embeddable":true,"href":"https:\/\/agromt.news\/index.php?rest_route=\/wp\/v2\/media\/1145"}],"wp:attachment":[{"href":"https:\/\/agromt.news\/index.php?rest_route=%2Fwp%2Fv2%2Fmedia&parent=22291"}],"wp:term":[{"taxonomy":"category","embeddable":true,"href":"https:\/\/agromt.news\/index.php?rest_route=%2Fwp%2Fv2%2Fcategories&post=22291"},{"taxonomy":"post_tag","embeddable":true,"href":"https:\/\/agromt.news\/index.php?rest_route=%2Fwp%2Fv2%2Ftags&post=22291"}],"curies":[{"name":"wp","href":"https:\/\/api.w.org\/{rel}","templated":true}]}}