{"id":22289,"date":"2025-10-16T22:21:53","date_gmt":"2025-10-17T02:21:53","guid":{"rendered":"https:\/\/agromt.news\/?p=22289"},"modified":"2025-10-16T22:21:53","modified_gmt":"2025-10-17T02:21:53","slug":"lula-e-trump-devem-se-encontrar-em-breve-diz-mauro-vieira","status":"publish","type":"post","link":"https:\/\/agromt.news\/?p=22289","title":{"rendered":"Lula e Trump devem se encontrar em breve, diz Mauro Vieira"},"content":{"rendered":"<p> <br \/>\n<br \/><img decoding=\"async\" src=\"https:\/\/agromt.news\/wp-content\/uploads\/2025\/10\/Lula-e-Trump-devem-se-encontrar-em-breve-diz-Mauro.jpg\" \/><\/p>\n<div>\n<p>O Brasil e os Estados Unidos devem realizar uma nova reuni\u00e3o em novembro, dando continuidade \u00e0 retomada do di\u00e1logo entre os dois pa\u00edses ap\u00f3s meses de tens\u00e3o diplom\u00e1tica, disse nesta quinta-feira (16) o ministro das Rela\u00e7\u00f5es Exteriores, Mauro Vieira. <\/p>\n<p>A declara\u00e7\u00e3o foi feita ap\u00f3s encontro com o secret\u00e1rio de Estado americano, Marco Rubio, na Casa Branca, em Washington.<\/p>\n<p>Segundo o chanceler, o encontro \u2014 que durou cerca de uma hora \u2014 ocorreu em clima de \u201cexcelente descontra\u00e7\u00e3o e troca de ideias\u201d, com foco principal nas tarifas impostas pelos <strong><a href=\"https:\/\/www.canalrural.com.br\/tag\/estados-unidos\/\">Estados Unidos<\/a><\/strong> a produtos brasileiros.<\/p>\n<p>\u201cFoi muito produtivo, com muita disposi\u00e7\u00e3o para trabalhar em conjunto e tra\u00e7ar uma agenda bilateral de com\u00e9rcio\u201d, disse Vieira em entrevista a jornalistas.<\/p>\n<p>A reuni\u00e3o teve duas etapas: uma conversa privada entre os dois ministros e, em seguida, a participa\u00e7\u00e3o de diplomatas e representantes comerciais de ambos os governos. Vieira confirmou que as equipes t\u00e9cnicas devem come\u00e7ar a negociar \u201cem breve\u201d medidas para tentar reverter as tarifas de 50% aplicadas por Washington desde agosto.<\/p>\n<h2 class=\"wp-block-heading\" id=\"h-possivel-encontro\">Poss\u00edvel encontro<\/h2>\n<p>Vieira tamb\u00e9m afirmou que os presidentes Luiz In\u00e1cio Lula da Silva e Donald Trump devem se encontrar nos pr\u00f3ximos meses, embora a data e o local ainda n\u00e3o estejam definidos.<\/p>\n<p>\u201cEst\u00e1 mantido o objetivo de que os l\u00edderes se re\u00fanam proximamente. H\u00e1 interesse de ambas as partes para que isso aconte\u00e7a o quanto antes\u201d, declarou o ministro.<\/p>\n<p>Inicialmente, a expectativa era de que o encontro pudesse ocorrer durante a C\u00fapula da Associa\u00e7\u00e3o das Na\u00e7\u00f5es do Sudeste Asi\u00e1tico (Asean), na Mal\u00e1sia, no fim de outubro. No entanto, segundo o chanceler, as agendas dos presidentes devem determinar o momento mais adequado para a reuni\u00e3o.<\/p>\n<h2 class=\"wp-block-heading\" id=\"h-instabilidades-entre-os-paises\">Instabilidades entre os pa\u00edses<\/h2>\n<p>As rela\u00e7\u00f5es entre Brasil e Estados Unidos atravessam um per\u00edodo de instabilidade desde que o governo Trump decidiu impor tarifas de 50% sobre produtos brasileiros. <\/p>\n<p>A medida foi justificada pela Casa Branca como uma resposta a uma suposta \u201cpolitiza\u00e7\u00e3o\u201d do Judici\u00e1rio brasileiro e \u00e0 condena\u00e7\u00e3o do ex-presidente Jair Bolsonaro por tentativa de golpe de Estado.<\/p>\n<p>Al\u00e9m do tarifa\u00e7o, Washington tamb\u00e9m aplicou san\u00e7\u00f5es financeiras e consulares a autoridades brasileiras, incluindo o ministro do Supremo Tribunal Federal Alexandre de Moraes. As a\u00e7\u00f5es foram vistas em Bras\u00edlia como retalia\u00e7\u00e3o pol\u00edtica.<\/p>\n<p>O encontro entre Vieira e Rubio \u00e9 o primeiro de alto n\u00edvel desde que Trump reassumiu a presid\u00eancia dos Estados Unidos, em janeiro. A reuni\u00e3o sinaliza um esfor\u00e7o de reaproxima\u00e7\u00e3o entre os dois pa\u00edses, iniciado ap\u00f3s uma breve conversa entre Lula e Trump durante a Assembleia Geral da Organiza\u00e7\u00e3o das Na\u00e7\u00f5es Unidas (ONU), em setembro, em Nova York.<\/p>\n<h2 class=\"wp-block-heading\" id=\"h-proximos-passos\">Pr\u00f3ximos passos<\/h2>\n<p>De acordo com o Itamaraty, Mauro Vieira e Marco Rubio devem manter contato direto nas pr\u00f3ximas semanas para definir a agenda de reuni\u00f5es t\u00e9cnicas. A expectativa \u00e9 que, at\u00e9 novembro, sejam tra\u00e7adas as bases para uma negocia\u00e7\u00e3o ampla sobre tarifas e coopera\u00e7\u00e3o comercial.<\/p>\n<p>\u201cO importante \u00e9 que prevaleceu uma atitude construtiva, com aspectos pr\u00e1ticos para a retomada das negocia\u00e7\u00f5es entre os dois pa\u00edses\u201d, destacou o chanceler. \u201cH\u00e1 boa qu\u00edmica entre os governos, e o di\u00e1logo est\u00e1 aberto.\u201d<\/p>\n<\/p><\/div>\n<p><br \/>\n<br \/><a href=\"https:\/\/www.canalrural.com.br\/politica\/lula-e-trump-devem-se-encontrar-em-breve-diz-mauro-vieira\/\">Source link <\/a><\/p>\n","protected":false},"excerpt":{"rendered":"<p>O Brasil e os Estados Unidos devem realizar uma nova reuni\u00e3o em novembro, dando continuidade \u00e0 retomada do di\u00e1logo entre<\/p>\n","protected":false},"author":1,"featured_media":22290,"comment_status":"open","ping_status":"open","sticky":false,"template":"","format":"standard","meta":{"_monsterinsights_skip_tracking":false,"_monsterinsights_sitenote_active":false,"_monsterinsights_sitenote_note":"","_monsterinsights_sitenote_category":0,"_uf_show_specific_survey":0,"_uf_disable_surveys":false,"footnotes":""},"categories":[1],"tags":[],"class_list":["post-22289","post","type-post","status-publish","format-standard","has-post-thumbnail","hentry","category-news"],"_links":{"self":[{"href":"https:\/\/agromt.news\/index.php?rest_route=\/wp\/v2\/posts\/22289"}],"collection":[{"href":"https:\/\/agromt.news\/index.php?rest_route=\/wp\/v2\/posts"}],"about":[{"href":"https:\/\/agromt.news\/index.php?rest_route=\/wp\/v2\/types\/post"}],"author":[{"embeddable":true,"href":"https:\/\/agromt.news\/index.php?rest_route=\/wp\/v2\/users\/1"}],"replies":[{"embeddable":true,"href":"https:\/\/agromt.news\/index.php?rest_route=%2Fwp%2Fv2%2Fcomments&post=22289"}],"version-history":[{"count":0,"href":"https:\/\/agromt.news\/index.php?rest_route=\/wp\/v2\/posts\/22289\/revisions"}],"wp:featuredmedia":[{"embeddable":true,"href":"https:\/\/agromt.news\/index.php?rest_route=\/wp\/v2\/media\/22290"}],"wp:attachment":[{"href":"https:\/\/agromt.news\/index.php?rest_route=%2Fwp%2Fv2%2Fmedia&parent=22289"}],"wp:term":[{"taxonomy":"category","embeddable":true,"href":"https:\/\/agromt.news\/index.php?rest_route=%2Fwp%2Fv2%2Fcategories&post=22289"},{"taxonomy":"post_tag","embeddable":true,"href":"https:\/\/agromt.news\/index.php?rest_route=%2Fwp%2Fv2%2Ftags&post=22289"}],"curies":[{"name":"wp","href":"https:\/\/api.w.org\/{rel}","templated":true}]}}