{"id":22285,"date":"2025-10-16T21:47:15","date_gmt":"2025-10-17T01:47:15","guid":{"rendered":"https:\/\/agromt.news\/?p=22285"},"modified":"2025-10-16T21:47:15","modified_gmt":"2025-10-17T01:47:15","slug":"stf-volta-a-julgar-acoes-sobre-beneficios-fiscais-a-defensivos-agricolas","status":"publish","type":"post","link":"https:\/\/agromt.news\/?p=22285","title":{"rendered":"STF volta a julgar a\u00e7\u00f5es sobre benef\u00edcios fiscais a defensivos agr\u00edcolas"},"content":{"rendered":"<p> <br \/>\n<br \/><img decoding=\"async\" src=\"https:\/\/agromt.news\/wp-content\/uploads\/2025\/03\/Nanotecnologia-promete-combater-mosca-branca-no-tomateiro-e-reduzir-90-das.png\" \/><\/p>\n<div>\n<p>O Supremo Tribunal Federal <a href=\"https:\/\/www.canalrural.com.br\/tag\/stf\/\"><strong>(STF)<\/strong><\/a> retomou nesta quinta-feira (16), o julgamento de duas a\u00e7\u00f5es que tratam sobre benef\u00edcios fiscais a defensivos agr\u00edcolas.<\/p>\n<p>Uma delas \u00e9 a primeira a\u00e7\u00e3o movida na Corte contra a reforma tribut\u00e1ria. A norma em quest\u00e3o, contestada pelo PV, estabelece a redu\u00e7\u00e3o de 60% da al\u00edquota de Imposto sobre Bens e Servi\u00e7os (IBS) e Contribui\u00e7\u00e3o sobre Bens e Servi\u00e7os (CBS) cobrados sobre a venda dos produtos.<\/p>\n<p>O julgamento ser\u00e1 realizado em conjunto com outra a\u00e7\u00e3o, do PSOL, contra um conv\u00eanio do Conselho Nacional de Pol\u00edtica Fazend\u00e1ria (Confaz) que reduziu 60% da base de c\u00e1lculo do ICMS de defensivos nas sa\u00eddas interestaduais e autorizou os estados e o Distrito Federal a concederem a mesma redu\u00e7\u00e3o nas opera\u00e7\u00f5es internas. Um decreto que concede isen\u00e7\u00e3o total de IPI aos produtos tamb\u00e9m \u00e9 questionado na a\u00e7\u00e3o.<\/p>\n<p>A an\u00e1lise da a\u00e7\u00e3o do PSOL come\u00e7ou no plen\u00e1rio virtual, onde o placar estava em 4 x 2 x 2 \u2014 quatro votos s\u00e3o para manter a regra atual, dois para derrub\u00e1-la e dois votos m\u00e9dios. O caso foi levado ao plen\u00e1rio f\u00edsico por pedido de destaque, o que reinicia o placar. O julgamento foi iniciado com a apresenta\u00e7\u00e3o das sustenta\u00e7\u00f5es orais. Em seguida, vota o relator, Edson Fachin.<\/p>\n<h2>Votos dos ministros<\/h2>\n<p>O tema foi discutido em audi\u00eancia p\u00fablica no Supremo em novembro do ano passado. Fachin decidiu convocar a audi\u00eancia para analisar o tema com mais profundidade ap\u00f3s a aprova\u00e7\u00e3o da reforma tribut\u00e1ria. O ministro considerou que os fatos mudaram e que, desde 2020, quando o julgamento foi iniciado, surgiram novas normas administrativas.<\/p>\n<p>Ele tamb\u00e9m mencionou novos estudos sobre o impacto dos defensivos. \u201cAportaram novos estudos e publica\u00e7\u00f5es cient\u00edficas nessa \u00e1rea, que \u00e9 uma \u00e1rea din\u00e2mica, e numa audi\u00eancia p\u00fablica poderiam ser mais escrutinados\u201d, afirmou o ministro.<\/p>\n<h5 class=\"western\"><span style=\"color: #000000;\"><span style=\"font-family: Arial, sans-serif;\"><span style=\"font-size: x-large;\"><i>Veja em primeira m\u00e3o tudo sobre agricultura, pecu\u00e1ria, economia e previs\u00e3o do tempo:<\/i><\/span><\/span><\/span><a href=\"https:\/\/news.google.com\/publications\/CAAqBwgKMPKZlQswq_mqAw?hl=pt-BR&amp;gl=BR&amp;ceid=BR%3Apt-419\" target=\"_blank\" rel=\"noopener\"><span style=\"color: #1155cc;\"><span style=\"font-family: Arial, Helvetica, sans-serif;\">\u00a0<\/span><\/span><span style=\"color: #1155cc;\"><span style=\"font-family: Arial, sans-serif;\"><span style=\"font-size: x-large;\"><i>siga o Canal Rural no Google News!<\/i><\/span><\/span><\/span><\/a><\/h5>\n<p>Em seu voto, que pode ser revisto, Fachin votou para acolher o pedido da legenda e declarar a inconstitucionalidade do benef\u00edcio fiscal. No seu entendimento, o incentivo ao consumo desses produtos n\u00e3o atende ao requisito da essencialidade porque n\u00e3o implica na autom\u00e1tica redu\u00e7\u00e3o do pre\u00e7o dos alimentos ao consumidor. Ele foi acompanhado pela ministra C\u00e1rmen L\u00facia.<\/p>\n<p>J\u00e1 o ministro Gilmar Mendes defendeu que \u201cos defensivos agr\u00edcolas ainda s\u00e3o produtos essenciais neste pa\u00eds de clima tropical e dimens\u00f5es continentais\u201d. Ele citou estudo apontando que o cancelamento dos benef\u00edcios poderia aumentar em R$ 16 bilh\u00f5es o custo da produ\u00e7\u00e3o de alimentos. Ele foi seguido pelos ministros Cristiano Zanin, Dias Toffoli e Alexandre de Moraes.<\/p>\n<p>O ministro Andr\u00e9 Mendon\u00e7a abriu uma terceira corrente, acompanhada pelo ministro Fl\u00e1vio Dino. Ele prop\u00f4s prazo de 90 dias para o Conselho Nacional de Pol\u00edtica Fazend\u00e1ria (Confaz), Uni\u00e3o e Estados avaliarem a pertin\u00eancia dessa pol\u00edtica fiscal e apresentarem \u00e0 Corte os custos e resultados dela.<\/p>\n<p>Para o ministro, os agentes p\u00fablicos devem considerar a toxicidade para graduar \u201cos n\u00edveis adequados de desonera\u00e7\u00e3o, de modo a desestimular, no m\u00ednimo, o consumo de produtos mais poluentes ao meio ambiente e nocivos \u00e0 sa\u00fade humana\u201d.<\/p>\n<p>Ao longo desta semana, os ministros foram procurados por autoridades e representantes do agroneg\u00f3cio para falar sobre o tema. Na \u00faltima quarta-feira (15), Fachin recebeu o ministro da Agricultura e Pecu\u00e1ria (Mapa), Carlos F\u00e1varo.<\/p>\n<p>Na agenda de Zanin desta quinta, consta uma audi\u00eancia com a ex-ministra da Agricultura e senadora Tereza Cristina (PP-MS) e com o presidente da Confedera\u00e7\u00e3o da Agricultura e Pecu\u00e1ria do Brasil (CNA), Rudy Maia Ferraz.<\/p>\n<\/p><\/div>\n<p><br \/>\n<br \/><a href=\"https:\/\/www.canalrural.com.br\/agricultura\/stf-volta-a-julgar-acoes-sobre-beneficios-fiscais-a-defensivos-agricolas\/\">Source link <\/a><\/p>\n","protected":false},"excerpt":{"rendered":"<p>O Supremo Tribunal Federal (STF) retomou nesta quinta-feira (16), o julgamento de duas a\u00e7\u00f5es que tratam sobre benef\u00edcios fiscais a<\/p>\n","protected":false},"author":1,"featured_media":15895,"comment_status":"open","ping_status":"open","sticky":false,"template":"","format":"standard","meta":{"_monsterinsights_skip_tracking":false,"_monsterinsights_sitenote_active":false,"_monsterinsights_sitenote_note":"","_monsterinsights_sitenote_category":0,"_uf_show_specific_survey":0,"_uf_disable_surveys":false,"footnotes":""},"categories":[1],"tags":[],"class_list":["post-22285","post","type-post","status-publish","format-standard","has-post-thumbnail","hentry","category-news"],"_links":{"self":[{"href":"https:\/\/agromt.news\/index.php?rest_route=\/wp\/v2\/posts\/22285"}],"collection":[{"href":"https:\/\/agromt.news\/index.php?rest_route=\/wp\/v2\/posts"}],"about":[{"href":"https:\/\/agromt.news\/index.php?rest_route=\/wp\/v2\/types\/post"}],"author":[{"embeddable":true,"href":"https:\/\/agromt.news\/index.php?rest_route=\/wp\/v2\/users\/1"}],"replies":[{"embeddable":true,"href":"https:\/\/agromt.news\/index.php?rest_route=%2Fwp%2Fv2%2Fcomments&post=22285"}],"version-history":[{"count":0,"href":"https:\/\/agromt.news\/index.php?rest_route=\/wp\/v2\/posts\/22285\/revisions"}],"wp:featuredmedia":[{"embeddable":true,"href":"https:\/\/agromt.news\/index.php?rest_route=\/wp\/v2\/media\/15895"}],"wp:attachment":[{"href":"https:\/\/agromt.news\/index.php?rest_route=%2Fwp%2Fv2%2Fmedia&parent=22285"}],"wp:term":[{"taxonomy":"category","embeddable":true,"href":"https:\/\/agromt.news\/index.php?rest_route=%2Fwp%2Fv2%2Fcategories&post=22285"},{"taxonomy":"post_tag","embeddable":true,"href":"https:\/\/agromt.news\/index.php?rest_route=%2Fwp%2Fv2%2Ftags&post=22285"}],"curies":[{"name":"wp","href":"https:\/\/api.w.org\/{rel}","templated":true}]}}