{"id":22262,"date":"2025-10-16T18:17:57","date_gmt":"2025-10-16T22:17:57","guid":{"rendered":"https:\/\/agromt.news\/?p=22262"},"modified":"2025-10-16T18:17:57","modified_gmt":"2025-10-16T22:17:57","slug":"falta-de-chuvas-prejudica-andamento-do-plantio-de-soja-em-mt","status":"publish","type":"post","link":"https:\/\/agromt.news\/?p=22262","title":{"rendered":"Falta de chuvas prejudica andamento do plantio de soja em MT"},"content":{"rendered":"<p> <br \/>\n<br \/><img decoding=\"async\" src=\"https:\/\/agromt.news\/wp-content\/uploads\/2025\/10\/Falta-de-chuvas-prejudica-andamento-do-plantio-de-soja-em.jpeg\" \/><\/p>\n<div>\n<p>O atraso na <a href=\"https:\/\/www.canalrural.com.br\/?s=chuvas\">regulariza\u00e7\u00e3o das chuvas<\/a> em Mato Grosso tem sido motivo de alerta para a Associa\u00e7\u00e3o dos Produtores de Soja e Milho (<a href=\"https:\/\/aprosoja.com.br\/\">Aprosoja MT<\/a>). Apesar do fim do vazio sanit\u00e1rio da soja no dia 6 de setembro, at\u00e9 a \u00faltima atualiza\u00e7\u00e3o do Instituto Mato-Grossense de Economia Agropecu\u00e1ria (<a href=\"http:\/\/imea.com.br\">Imea<\/a>), menos de 25% da semeadura havia sido conclu\u00edda.<\/p>\n<ul class=\"wp-block-list\">\n<li><strong><em>Fique por dentro das novidades e not\u00edcias recentes sobre a soja! Participe da nossa comunidade atrav\u00e9s do\u00a0<a href=\"https:\/\/chat.whatsapp.com\/BmMRwA0TZ2DHGyhzoaVEWu\">link<\/a>! \ud83c\udf31<\/em><\/strong><\/li>\n<\/ul>\n<p>A associa\u00e7\u00e3o avalia que a falta de precipita\u00e7\u00f5es cont\u00ednuas limita o ritmo das opera\u00e7\u00f5es em campo, aumenta o risco de falhas de estande e de replantio, al\u00e9m de pressionar a janela de plantio da segunda safra de milho.<\/p>\n<p>Segundo o presidente da Aprosoja MT, Lucas Costa Beber, o cen\u00e1rio tem sido desafiador nas diferentes regi\u00f5es do estado. \u201cO andamento do plantio chegou a 21%, mas muitas previs\u00f5es de chuva n\u00e3o se confirmaram. Havia expectativa de acelera\u00e7\u00e3o ap\u00f3s a segunda quinzena de setembro e, agora, na segunda quinzena de outubro, as chuvas ainda n\u00e3o se regularizaram\u201d, explica.<\/p>\n<h3 class=\"wp-block-heading\" id=\"h-falta-de-chuvas-desafio-para-sojicultores\">Falta de chuvas: desafio para sojicultores<\/h3>\n<p>Mesmo com o plantio em andamento, algumas \u00e1reas passaram mais de 10 dias sem chuva, o que pode causar defici\u00eancia no estande das plantas, m\u00e1 distribui\u00e7\u00e3o do plantio ou necessidade de replantio, ainda sem possibilidade de mensura\u00e7\u00e3o. Tem sido um plantio desafiador este ano, porque, apesar do ritmo acelerado, as chuvas ainda precisam se regularizar para garantir maior seguran\u00e7a.<\/p>\n<p>Beber alerta que a regulariza\u00e7\u00e3o das precipita\u00e7\u00f5es \u00e9 decisiva para acelerar o plantio e garantir a janela segura da safra de milho, que vem ganhando espa\u00e7o na produ\u00e7\u00e3o mato-grossense. \u201cTivemos casos de lavouras semeadas que s\u00f3 receberam chuva alguns dias depois. Essas plantas tendem a perder porte, ficar mais baixas e, com falhas de estande, podem comprometer a produtividade e, consequentemente, a produ\u00e7\u00e3o do estado, j\u00e1 que uma \u00e1rea j\u00e1 foi plantada\u201d, diz.<\/p>\n<p>Isso pode impactar o resultado final da safra. Al\u00e9m disso, muitos produtores n\u00e3o conseguiram acelerar o plantio para evitar atrasos na segunda safra, o que preocupa, j\u00e1 que o ideal \u00e9 que, at\u00e9 20 de outubro, todas as \u00e1reas destinadas ao milho estejam plantadas, garantindo uma janela segura de produ\u00e7\u00e3o.<\/p>\n<h3 class=\"wp-block-heading\" id=\"h-lado-financeiro\">Lado financeiro <\/h3>\n<p>Al\u00e9m dos riscos agron\u00f4micos, a Aprosoja MT alerta para os impactos financeiros. A necessidade de replantio envolve custos elevados, e os produtores enfrentam o dilema entre garantir a janela da segunda safra ou correr o risco de perda de produtividade caso n\u00e3o replantem. Problemas como sementes com vigor insuficiente podem aumentar ainda mais as perdas, afetando diretamente a rentabilidade das propriedades.<\/p>\n<\/p><\/div>\n<p><br \/>\n<br \/><a href=\"https:\/\/www.canalrural.com.br\/agricultura\/projeto-soja-brasil\/falta-de-chuvas-prejudica-andamento-do-plantio-de-soja-em-mt\/\">Source link <\/a><\/p>\n","protected":false},"excerpt":{"rendered":"<p>O atraso na regulariza\u00e7\u00e3o das chuvas em Mato Grosso tem sido motivo de alerta para a Associa\u00e7\u00e3o dos Produtores de<\/p>\n","protected":false},"author":1,"featured_media":22263,"comment_status":"open","ping_status":"open","sticky":false,"template":"","format":"standard","meta":{"_monsterinsights_skip_tracking":false,"_monsterinsights_sitenote_active":false,"_monsterinsights_sitenote_note":"","_monsterinsights_sitenote_category":0,"_uf_show_specific_survey":0,"_uf_disable_surveys":false,"footnotes":""},"categories":[1],"tags":[],"class_list":["post-22262","post","type-post","status-publish","format-standard","has-post-thumbnail","hentry","category-news"],"_links":{"self":[{"href":"https:\/\/agromt.news\/index.php?rest_route=\/wp\/v2\/posts\/22262"}],"collection":[{"href":"https:\/\/agromt.news\/index.php?rest_route=\/wp\/v2\/posts"}],"about":[{"href":"https:\/\/agromt.news\/index.php?rest_route=\/wp\/v2\/types\/post"}],"author":[{"embeddable":true,"href":"https:\/\/agromt.news\/index.php?rest_route=\/wp\/v2\/users\/1"}],"replies":[{"embeddable":true,"href":"https:\/\/agromt.news\/index.php?rest_route=%2Fwp%2Fv2%2Fcomments&post=22262"}],"version-history":[{"count":0,"href":"https:\/\/agromt.news\/index.php?rest_route=\/wp\/v2\/posts\/22262\/revisions"}],"wp:featuredmedia":[{"embeddable":true,"href":"https:\/\/agromt.news\/index.php?rest_route=\/wp\/v2\/media\/22263"}],"wp:attachment":[{"href":"https:\/\/agromt.news\/index.php?rest_route=%2Fwp%2Fv2%2Fmedia&parent=22262"}],"wp:term":[{"taxonomy":"category","embeddable":true,"href":"https:\/\/agromt.news\/index.php?rest_route=%2Fwp%2Fv2%2Fcategories&post=22262"},{"taxonomy":"post_tag","embeddable":true,"href":"https:\/\/agromt.news\/index.php?rest_route=%2Fwp%2Fv2%2Ftags&post=22262"}],"curies":[{"name":"wp","href":"https:\/\/api.w.org\/{rel}","templated":true}]}}