{"id":22259,"date":"2025-10-16T17:58:41","date_gmt":"2025-10-16T21:58:41","guid":{"rendered":"https:\/\/agromt.news\/?p=22259"},"modified":"2025-10-16T17:58:41","modified_gmt":"2025-10-16T21:58:41","slug":"safra-de-trigo-tem-alta-na-produtividade-mas-menor-area","status":"publish","type":"post","link":"https:\/\/agromt.news\/?p=22259","title":{"rendered":"Safra de trigo tem alta na produtividade, mas menor \u00e1rea"},"content":{"rendered":"<p> <br \/>\n<\/p>\n<div>\n<div class=\"row\">\n<div class=\"col-lg col-infos mt-0 mt-lg-0\">\n<div class=\"section-sub-title\">\n<p itemprop=\"description\">&#13;<br \/>\n                                Clima favorece produtividade do trigo no Sul&#13;\n                            <\/p>\n<\/p><\/div>\n<div class=\"container\">\n<div class=\"row\">\n<div class=\"col-lg p-0\">\n<div>\n<div class=\"block-news-main-infos mt-3 text-start\">\n<p>                                            <strong class=\"fn\" itemprop=\"author\" style=\"color: rgb(112, 112, 112); \">&#13;<br \/>\n                                                <a href=\"https:\/\/www.agrolink.com.br\/noticias\/javascript:;\" class=\"text-uppercase\" target=\"_blank\" style=\"color: rgb(112, 112, 112); \" rel=\"noopener\">Agrolink<\/a>&#13;<br \/>\n&#13;<br \/>\n                                                    &#8211; Seane Lennon&#13;<br \/>\n&#13;<br \/>\n                                            <\/strong><br \/>\n                                        <\/p>\n<p>                                            <abbr><time datetime=\"2025 - 10 - 16T06:00\" itemprop=\"datePublished dateModified\"> Publicado em 16\/10\/2025 \u00e0s 06:00h.<\/time><\/abbr>\n                                    <\/div>\n<\/p><\/div>\n<\/p><\/div>\n<div class=\"col-lg p-0 text-lg-end\">\n<div>\n<div id=\"mdEnviarPagina\" class=\"modal fade\" role=\"dialog\">\n<div class=\"modal-dialog\">\n<div class=\"modal-content\">\n<div class=\"modal-body\">\n<p><strong>Estimado usu\u00e1rio.<\/strong><br \/>Preencha o formul\u00e1rio abaixo para remeter a p\u00e1gina.<\/p>\n<\/p><\/div>\n<\/p><\/div>\n<\/p><\/div>\n<\/div><\/div>\n<\/p><\/div>\n<\/p><\/div>\n<\/p><\/div>\n<\/p><\/div>\n<\/p><\/div>\n<div class=\"row justify-content-md-center mt-3\">\n<div class=\"col-lg-auto col-image block-news-main-image\">\n<p>                                <img decoding=\"async\" src=\"https:\/\/www.agrolink.com.br\/upload\/imagens-resizes\/d96640bcbbe2431d984fc1aebac88a46_858x483.jpg\" class=\"lazyload img-fluid\"\/><br \/>\n                                                <span class=\"publicity-photo d-block mt-1\">Foto: Canva<\/span><\/p><\/div>\n<\/p><\/div>\n<div class=\"section-description section-description-noticias mt-3\">\n<p style=\"text-align:justify\">De acordo com dados do 1\u00ba Levantamento da Safra de Gr\u00e3os 2025\/26, divulgado nesta ter\u00e7a-feira (14) pela Companhia Nacional de Abastecimento, a produ\u00e7\u00e3o nacional de <a href=\"https:\/\/www.agrolink.com.br\/culturas\/trigo\/?utm_source=agrolink-detalhe-noticia&amp;utm_medium=detalhe-noticia&amp;utm_campaign=links-internos\" target=\"_blank\" rel=\"noopener\">trigo<\/a> est\u00e1 estimada em 7,698 milh\u00f5es de toneladas. O volume \u00e9 menor que o registrado na safra anterior, reflexo de uma retra\u00e7\u00e3o de 19,9% na \u00e1rea cultivada, motivada por condi\u00e7\u00f5es menos favor\u00e1veis no momento da decis\u00e3o de plantio.&#13;\n<\/p>\n<p style=\"text-align:justify\">Apesar da redu\u00e7\u00e3o anual, o levantamento aponta um leve avan\u00e7o de 2,1% em rela\u00e7\u00e3o \u00e0 estimativa anterior. Segundo a Conab, esse crescimento decorre \u201cdo aumento de produtividade em Santa Catarina e Paran\u00e1, resultado de condi\u00e7\u00f5es clim\u00e1ticas mais favor\u00e1veis at\u00e9 o momento\u201d.&#13;\n<\/p>\n<p style=\"text-align:justify\">No Rio Grande do Sul, principal produtor de trigo do pa\u00eds, as lavouras est\u00e3o no in\u00edcio da fase de matura\u00e7\u00e3o, com a maior parte das \u00e1reas ainda entre flora\u00e7\u00e3o e enchimento de gr\u00e3os. J\u00e1 no Paran\u00e1, a colheita avan\u00e7a e se aproxima da metade da \u00e1rea cultivada.&#13;\n<\/p>\n<p style=\"text-align:justify\">Em Goi\u00e1s, Mato Grosso do Sul e Minas Gerais, a colheita foi conclu\u00edda. A Conab seguir\u00e1 monitorando o desenvolvimento das lavouras at\u00e9 o encerramento da safra 2025 de trigo.<\/p>\n<\/p><\/div>\n<\/p><\/div>\n<p><script data-cfasync=\"false\">\n    !function (f, b, e, v, n, t, s) {\n        if (f.fbq) return; n = f.fbq = function () {\n            n.callMethod ?\n                n.callMethod.apply(n, arguments) : n.queue.push(arguments)\n        };\n        if (!f._fbq) f._fbq = n; n.push = n; n.loaded = !0; n.version = '2.0';\n        n.queue = []; t = b.createElement(e); t.async = !0;\n        t.src = v; s = b.getElementsByTagName(e)[0];\n        s.parentNode.insertBefore(t, s)\n    }(window, document, 'script',\n        'https:\/\/connect.facebook.net\/en_US\/fbevents.js');\n    fbq('init', '522546078623747');\n    fbq('track', 'PageView');\n<\/script><br \/>\n<br \/><br \/>\n<br \/><a href=\"https:\/\/www.agrolink.com.br\/noticias\/safra-de-trigo-tem-alta-na-produtividade--mas-menor-area_507006.html\">Source link <\/a><\/p>\n","protected":false},"excerpt":{"rendered":"<p>&#13; Clima favorece produtividade do trigo no Sul&#13; &#13; Agrolink&#13; &#13; &#8211; Seane Lennon&#13; &#13; Publicado em 16\/10\/2025 \u00e0s 06:00h.<\/p>\n","protected":false},"author":1,"featured_media":3513,"comment_status":"open","ping_status":"open","sticky":false,"template":"","format":"standard","meta":{"_monsterinsights_skip_tracking":false,"_monsterinsights_sitenote_active":false,"_monsterinsights_sitenote_note":"","_monsterinsights_sitenote_category":0,"_uf_show_specific_survey":0,"_uf_disable_surveys":false,"footnotes":""},"categories":[8,1,14],"tags":[],"class_list":["post-22259","post","type-post","status-publish","format-standard","has-post-thumbnail","hentry","category-agro","category-news","category-politica-agro"],"_links":{"self":[{"href":"https:\/\/agromt.news\/index.php?rest_route=\/wp\/v2\/posts\/22259"}],"collection":[{"href":"https:\/\/agromt.news\/index.php?rest_route=\/wp\/v2\/posts"}],"about":[{"href":"https:\/\/agromt.news\/index.php?rest_route=\/wp\/v2\/types\/post"}],"author":[{"embeddable":true,"href":"https:\/\/agromt.news\/index.php?rest_route=\/wp\/v2\/users\/1"}],"replies":[{"embeddable":true,"href":"https:\/\/agromt.news\/index.php?rest_route=%2Fwp%2Fv2%2Fcomments&post=22259"}],"version-history":[{"count":0,"href":"https:\/\/agromt.news\/index.php?rest_route=\/wp\/v2\/posts\/22259\/revisions"}],"wp:featuredmedia":[{"embeddable":true,"href":"https:\/\/agromt.news\/index.php?rest_route=\/wp\/v2\/media\/3513"}],"wp:attachment":[{"href":"https:\/\/agromt.news\/index.php?rest_route=%2Fwp%2Fv2%2Fmedia&parent=22259"}],"wp:term":[{"taxonomy":"category","embeddable":true,"href":"https:\/\/agromt.news\/index.php?rest_route=%2Fwp%2Fv2%2Fcategories&post=22259"},{"taxonomy":"post_tag","embeddable":true,"href":"https:\/\/agromt.news\/index.php?rest_route=%2Fwp%2Fv2%2Ftags&post=22259"}],"curies":[{"name":"wp","href":"https:\/\/api.w.org\/{rel}","templated":true}]}}