{"id":22256,"date":"2025-10-16T17:30:17","date_gmt":"2025-10-16T21:30:17","guid":{"rendered":"https:\/\/agromt.news\/?p=22256"},"modified":"2025-10-16T17:30:17","modified_gmt":"2025-10-16T21:30:17","slug":"eua-devem-retomar-compra-de-carne-brasileira-com-revisao-de-tarifa-diz-abiec","status":"publish","type":"post","link":"https:\/\/agromt.news\/?p=22256","title":{"rendered":"EUA devem retomar compra de carne brasileira com revis\u00e3o de tarifa, diz Abiec"},"content":{"rendered":"<p> <br \/>\n<br \/><img decoding=\"async\" src=\"https:\/\/agromt.news\/wp-content\/uploads\/2025\/03\/exportacoes-do-Brasil-caem-6-em-volume-mas-receita-cresce.jpg\" \/><\/p>\n<div>\n<p>O presidente da Associa\u00e7\u00e3o Brasileira das Ind\u00fastrias Exportadoras de Carnes <a href=\"https:\/\/www.canalrural.com.br\/tag\/abiec\/\"><strong>(Abiec)<\/strong><\/a>, Roberto Perosa, afirmou que os <a href=\"https:\/\/www.canalrural.com.br\/economia\/eua-devem-retomar-compra-de-carne-brasileira-com-revisao-de-tarifa-diz-abiec\/_wp_link_placeholder\" data-wplink-edit=\"true\"><strong>Estados Unidos<\/strong><\/a> continuam dependentes da carne bovina brasileira e devem retomar o ritmo de importa\u00e7\u00f5es assim que as tarifas adicionais impostas ao produto forem revistas.<\/p>\n<p>Ele participou do 2\u00ba Semin\u00e1rio Lide Agroneg\u00f3cio, em S\u00e3o Paulo, e avaliou que o tarifa\u00e7o de 50% reduziu a competitividade do Brasil, mas n\u00e3o eliminou a demanda norte-americana.<\/p>\n<p>Perosa destacou que o Brasil exporta cortes espec\u00edficos de carne para diferentes mercados e se consolidou como fornecedor estrat\u00e9gico. \u201cPara a It\u00e1lia vai o corte usado na bresaola, para a China o dianteiro e para os Estados Unidos o recorte do dianteiro utilizado em hamb\u00fargueres\u201d, afirmou.<\/p>\n<p>Segundo ele, a carne brasileira, mais magra e limpa, \u00e9 essencial para o <em>blend<\/em> industrial norte-americano, que mistura carne local mais gordurosa \u00e0 brasileira para atender ao padr\u00e3o de consumo interno.<\/p>\n<h5 class=\"western\"><span style=\"color: #000000;\"><span style=\"font-family: Arial, sans-serif;\"><span style=\"font-size: x-large;\"><i>Veja em primeira m\u00e3o tudo sobre agricultura, pecu\u00e1ria, economia e previs\u00e3o do tempo:<\/i><\/span><\/span><\/span><a href=\"https:\/\/news.google.com\/publications\/CAAqBwgKMPKZlQswq_mqAw?hl=pt-BR&amp;gl=BR&amp;ceid=BR%3Apt-419\" target=\"_blank\" rel=\"noopener\"><span style=\"color: #1155cc;\"><span style=\"font-family: Arial, Helvetica, sans-serif;\">\u00a0<\/span><\/span><span style=\"color: #1155cc;\"><span style=\"font-family: Arial, sans-serif;\"><span style=\"font-size: x-large;\"><i>siga o Canal Rural no Google News!<\/i><\/span><\/span><\/span><\/a><\/h5>\n<p>Os Estados Unidos atravessam o menor ciclo pecu\u00e1rio em 75 anos, com cerca de 80 milh\u00f5es de cabe\u00e7as de gado ante 100 milh\u00f5es em per\u00edodos normais. \u201cEles recorreram ao Brasil porque n\u00e3o h\u00e1 outro pa\u00eds com volume e regularidade para suprir essa necessidade\u201d, disse Perosa.<\/p>\n<p>At\u00e9 julho, o Brasil havia exportado 200 mil toneladas de carne bovina aos Estados Unidos, o mesmo volume de todo o ano de 2024. A expectativa do setor era dobrar esse n\u00famero at\u00e9 dezembro, mas a tarifa total de 76% tornou invi\u00e1vel parte dos embarques. \u201cMesmo assim, seguimos com alguns cortes competitivos e mandamos cerca de 10 mil toneladas no \u00faltimo m\u00eas\u201d, afirmou.<\/p>\n<p>Perosa destacou que a ind\u00fastria brasileira redirecionou rapidamente os embarques para a \u00c1sia e o Oriente M\u00e9dio, mas perdeu um mercado altamente rent\u00e1vel. \u201cO mesmo corte que vendemos \u00e0 China por 5,7 mil d\u00f3lares a tonelada era negociado a 7,5 mil d\u00f3lares nos Estados Unidos\u201d, comparou.<\/p>\n<p>O executivo disse, ainda, que a Abiec mant\u00e9m di\u00e1logo com autoridades e parlamentares norte-americanos e espera uma solu\u00e7\u00e3o em breve. \u201cH\u00e1 espa\u00e7o para entendimento entre os governos e acreditamos na retomada gradual do fluxo comercial quando as tarifas forem revistas\u201d, afirmou.<\/p>\n<\/p><\/div>\n<p><br \/>\n<br \/><a href=\"https:\/\/www.canalrural.com.br\/economia\/eua-devem-retomar-compra-de-carne-brasileira-com-revisao-de-tarifa-diz-abiec\/\">Source link <\/a><\/p>\n","protected":false},"excerpt":{"rendered":"<p>O presidente da Associa\u00e7\u00e3o Brasileira das Ind\u00fastrias Exportadoras de Carnes (Abiec), Roberto Perosa, afirmou que os Estados Unidos continuam dependentes<\/p>\n","protected":false},"author":1,"featured_media":11073,"comment_status":"open","ping_status":"open","sticky":false,"template":"","format":"standard","meta":{"_monsterinsights_skip_tracking":false,"_monsterinsights_sitenote_active":false,"_monsterinsights_sitenote_note":"","_monsterinsights_sitenote_category":0,"_uf_show_specific_survey":0,"_uf_disable_surveys":false,"footnotes":""},"categories":[1],"tags":[],"class_list":["post-22256","post","type-post","status-publish","format-standard","has-post-thumbnail","hentry","category-news"],"_links":{"self":[{"href":"https:\/\/agromt.news\/index.php?rest_route=\/wp\/v2\/posts\/22256"}],"collection":[{"href":"https:\/\/agromt.news\/index.php?rest_route=\/wp\/v2\/posts"}],"about":[{"href":"https:\/\/agromt.news\/index.php?rest_route=\/wp\/v2\/types\/post"}],"author":[{"embeddable":true,"href":"https:\/\/agromt.news\/index.php?rest_route=\/wp\/v2\/users\/1"}],"replies":[{"embeddable":true,"href":"https:\/\/agromt.news\/index.php?rest_route=%2Fwp%2Fv2%2Fcomments&post=22256"}],"version-history":[{"count":0,"href":"https:\/\/agromt.news\/index.php?rest_route=\/wp\/v2\/posts\/22256\/revisions"}],"wp:featuredmedia":[{"embeddable":true,"href":"https:\/\/agromt.news\/index.php?rest_route=\/wp\/v2\/media\/11073"}],"wp:attachment":[{"href":"https:\/\/agromt.news\/index.php?rest_route=%2Fwp%2Fv2%2Fmedia&parent=22256"}],"wp:term":[{"taxonomy":"category","embeddable":true,"href":"https:\/\/agromt.news\/index.php?rest_route=%2Fwp%2Fv2%2Fcategories&post=22256"},{"taxonomy":"post_tag","embeddable":true,"href":"https:\/\/agromt.news\/index.php?rest_route=%2Fwp%2Fv2%2Ftags&post=22256"}],"curies":[{"name":"wp","href":"https:\/\/api.w.org\/{rel}","templated":true}]}}