{"id":22232,"date":"2025-10-16T12:17:45","date_gmt":"2025-10-16T16:17:45","guid":{"rendered":"https:\/\/agromt.news\/?p=22232"},"modified":"2025-10-16T12:17:45","modified_gmt":"2025-10-16T16:17:45","slug":"preco-medio-do-frete-registra-nova-queda-em-setembro","status":"publish","type":"post","link":"https:\/\/agromt.news\/?p=22232","title":{"rendered":"Pre\u00e7o m\u00e9dio do frete registra nova queda em setembro"},"content":{"rendered":"<p> <br \/>\n<br \/><img decoding=\"async\" src=\"https:\/\/agromt.news\/wp-content\/uploads\/2025\/10\/Preco-medio-do-frete-registra-nova-queda-em-setembro.jpg\" \/><\/p>\n<div>\n<p>O pre\u00e7o do frete rodovi\u00e1rio no Brasil caiu 1,49% em setembro, passando de R$ 7,36 para R$ 7,25 por quil\u00f4metro rodado, segundo o \u00cdndice de Frete Rodovi\u00e1rio (IFR) da Edenred Frete. A redu\u00e7\u00e3o foi influenciada pelo menor ritmo da ind\u00fastria, pelo recuo do diesel e pela manuten\u00e7\u00e3o da taxa b\u00e1sica de juros. Os dados foram divulgados nesta quinta-feira (16).<\/p>\n<h3 class=\"wp-block-heading\" id=\"h-peso-do-frete-no-campo\">Peso do frete no campo<\/h3>\n<p>O frete representa um dos principais custos do agroneg\u00f3cio e pode responder por at\u00e9 40% das despesas do produtor rural, principalmente em regi\u00f5es mais afastadas dos portos, como Mato Grosso. A dist\u00e2ncia, o pre\u00e7o do combust\u00edvel e a condi\u00e7\u00e3o das estradas ampliam o valor final do transporte e reduzem a competitividade das exporta\u00e7\u00f5es brasileiras.<\/p>\n<h3 class=\"wp-block-heading\" id=\"h-fatores-de-pressao-baixista\">Fatores de press\u00e3o baixista<\/h3>\n<p>Segundo o \u00cdndice de Pre\u00e7os Edenred Ticket Log (IPTL), o diesel comum recuou 0,32% em setembro, para R$ 6,17, enquanto o diesel S-10 caiu 0,16%, ficando em R$ 6,21.<\/p>\n<p>\u201cO comportamento de setembro reflete fatores macroecon\u00f4micos mais fortes que as press\u00f5es de custo. A atividade industrial mais lenta e o recuo do diesel pesaram a favor da redu\u00e7\u00e3o do frete\u201d, explica Vinicios Fernandes, diretor da Edenred Frete.<\/p>\n<p>Para os pr\u00f3ximos meses, ele projeta \u201cpequenas oscila\u00e7\u00f5es, com aten\u00e7\u00e3o ao cumprimento da Tabela de Pre\u00e7o M\u00ednimo de Frete\u201d. Fernandes lembra que, desde o in\u00edcio de outubro, a ANTT intensificou a fiscaliza\u00e7\u00e3o para coibir negocia\u00e7\u00f5es abaixo do piso. <\/p>\n<p>\u201cA medida tende a dar mais disciplina ao mercado e pode influenciar os pre\u00e7os no \u00faltimo trimestre\u201d, completa.<\/p>\n<\/p><\/div>\n<p><br \/>\n<br \/><a href=\"https:\/\/www.canalrural.com.br\/economia\/preco-medio-do-frete-registra-nova-queda-em-setembro\/\">Source link <\/a><\/p>\n","protected":false},"excerpt":{"rendered":"<p>O pre\u00e7o do frete rodovi\u00e1rio no Brasil caiu 1,49% em setembro, passando de R$ 7,36 para R$ 7,25 por quil\u00f4metro<\/p>\n","protected":false},"author":1,"featured_media":22233,"comment_status":"open","ping_status":"open","sticky":false,"template":"","format":"standard","meta":{"_monsterinsights_skip_tracking":false,"_monsterinsights_sitenote_active":false,"_monsterinsights_sitenote_note":"","_monsterinsights_sitenote_category":0,"_uf_show_specific_survey":0,"_uf_disable_surveys":false,"footnotes":""},"categories":[1],"tags":[],"class_list":["post-22232","post","type-post","status-publish","format-standard","has-post-thumbnail","hentry","category-news"],"_links":{"self":[{"href":"https:\/\/agromt.news\/index.php?rest_route=\/wp\/v2\/posts\/22232"}],"collection":[{"href":"https:\/\/agromt.news\/index.php?rest_route=\/wp\/v2\/posts"}],"about":[{"href":"https:\/\/agromt.news\/index.php?rest_route=\/wp\/v2\/types\/post"}],"author":[{"embeddable":true,"href":"https:\/\/agromt.news\/index.php?rest_route=\/wp\/v2\/users\/1"}],"replies":[{"embeddable":true,"href":"https:\/\/agromt.news\/index.php?rest_route=%2Fwp%2Fv2%2Fcomments&post=22232"}],"version-history":[{"count":0,"href":"https:\/\/agromt.news\/index.php?rest_route=\/wp\/v2\/posts\/22232\/revisions"}],"wp:featuredmedia":[{"embeddable":true,"href":"https:\/\/agromt.news\/index.php?rest_route=\/wp\/v2\/media\/22233"}],"wp:attachment":[{"href":"https:\/\/agromt.news\/index.php?rest_route=%2Fwp%2Fv2%2Fmedia&parent=22232"}],"wp:term":[{"taxonomy":"category","embeddable":true,"href":"https:\/\/agromt.news\/index.php?rest_route=%2Fwp%2Fv2%2Fcategories&post=22232"},{"taxonomy":"post_tag","embeddable":true,"href":"https:\/\/agromt.news\/index.php?rest_route=%2Fwp%2Fv2%2Ftags&post=22232"}],"curies":[{"name":"wp","href":"https:\/\/api.w.org\/{rel}","templated":true}]}}