{"id":22185,"date":"2025-10-15T16:16:25","date_gmt":"2025-10-15T20:16:25","guid":{"rendered":"https:\/\/agromt.news\/?p=22185"},"modified":"2025-10-15T16:16:25","modified_gmt":"2025-10-15T20:16:25","slug":"gnv-cai-no-sul-mas-sc-tem-alta","status":"publish","type":"post","link":"https:\/\/agromt.news\/?p=22185","title":{"rendered":"GNV cai no Sul, mas SC tem alta"},"content":{"rendered":"<p> <br \/>\n<\/p>\n<div>\n<div class=\"row\">\n<div class=\"col-lg col-infos mt-0 mt-lg-0\">\n<div class=\"section-sub-title\">\n<p itemprop=\"description\">&#13;<br \/>\n                                O comportamento do GNV na Regi\u00e3o Sul em setembro nos mostra um cen\u00e1rio de contrastes&#13;\n                            <\/p>\n<\/p><\/div>\n<div class=\"container\">\n<div class=\"row\">\n<div class=\"col-lg p-0\">\n<div>\n<div class=\"block-news-main-infos mt-3 text-start\">\n<p>                                            <strong class=\"fn\" itemprop=\"author\" style=\"color: rgb(112, 112, 112); \">&#13;<br \/>\n                                                <a href=\"https:\/\/www.agrolink.com.br\/noticias\/javascript:;\" class=\"text-uppercase\" target=\"_blank\" style=\"color: rgb(112, 112, 112); \" rel=\"noopener\">Agrolink<\/a>&#13;<br \/>\n&#13;<br \/>\n                                                    &#8211; Leonardo Gottems&#13;<br \/>\n&#13;<br \/>\n                                            <\/strong><br \/>\n                                        <\/p>\n<p>                                            <abbr><time datetime=\"2025 - 10 - 14T16:52\" itemprop=\"datePublished dateModified\"> Publicado em 14\/10\/2025 \u00e0s 16:52h.<\/time><\/abbr>\n                                    <\/div>\n<\/p><\/div>\n<\/p><\/div>\n<div class=\"col-lg p-0 text-lg-end\">\n<div>\n<div id=\"mdEnviarPagina\" class=\"modal fade\" role=\"dialog\">\n<div class=\"modal-dialog\">\n<div class=\"modal-content\">\n<div class=\"modal-body\">\n<p><strong>Estimado usu\u00e1rio.<\/strong><br \/>Preencha o formul\u00e1rio abaixo para remeter a p\u00e1gina.<\/p>\n<\/p><\/div>\n<\/p><\/div>\n<\/p><\/div>\n<\/div><\/div>\n<\/p><\/div>\n<\/p><\/div>\n<\/p><\/div>\n<\/p><\/div>\n<\/p><\/div>\n<div class=\"row justify-content-md-center mt-3\">\n<div class=\"col-lg-auto col-image block-news-main-image\">\n<p>                                <img decoding=\"async\" src=\"https:\/\/www.agrolink.com.br\/upload\/imagens-resizes\/eb982d6ec7bf4a06b6c4531d229730e5_858x483.jpg\" class=\"lazyload img-fluid\" alt=\"\u201cO comportamento do GNV na Regi\u00e3o Sul em setembro nos mostra um cen\u00e1rio de contrastes&quot;&quot;\"\/><br \/>\n                                                <span class=\"d-block mt-1\">\u201cO comportamento do GNV na Regi\u00e3o Sul em setembro nos mostra um cen\u00e1rio de contrastes&#8221;&#8221; &#8211; Foto: Pixabay<\/span><\/p><\/div>\n<\/p><\/div>\n<div class=\"section-description section-description-noticias mt-3\">\n<p>O pre\u00e7o m\u00e9dio do GNV (G\u00e1s Natural Veicular) recuou na Regi\u00e3o Sul em setembro, encerrando o m\u00eas a R$ 4,86\/m\u00b3, segundo o \u00cdndice de Pre\u00e7os Edenred Ticket Log (IPTL). A m\u00e9dia regional foi puxada para baixo pelo Paran\u00e1 e pelo Rio Grande do Sul, que registraram quedas de 2,21% e 1,26%, respectivamente, atingindo R$ 4,86\/m\u00b3 e R$ 4,72\/m\u00b3, o menor valor da regi\u00e3o.&#13;\n<\/p>\n<p>Santa Catarina, por\u00e9m, seguiu na contram\u00e3o e teve aumento de 2,64%, elevando o pre\u00e7o do GNV a R$ 5,06\/m\u00b3, o mais caro do Sul. O IPTL \u00e9 calculado com base em abastecimentos realizados nos 21 mil postos credenciados da Edenred Ticket Log, que administra mais de 1 milh\u00e3o de ve\u00edculos, com m\u00e9dia de oito transa\u00e7\u00f5es por segundo. O \u00edndice combina tecnologia de data science e experi\u00eancia de mais de 30 anos da Edenred Mobilidade para oferecer uma m\u00e9dia precisa do comportamento de pre\u00e7os.&#13;\n<\/p>\n<p>\u201cO comportamento do GNV na Regi\u00e3o Sul em setembro nos mostra um cen\u00e1rio de contrastes. Por um lado, uma not\u00edcia positiva, com a m\u00e9dia regional fechando em queda, impulsionada pela redu\u00e7\u00e3o de pre\u00e7os no Paran\u00e1 e no Rio Grande do Sul. Por outro lado, Santa Catarina se moveu na contram\u00e3o dessa tend\u00eancia, com uma alta que n\u00e3o apenas elevou o pre\u00e7o do combust\u00edvel ao patamar mais caro do Sul, mas tamb\u00e9m conteve um recuo ainda mais expressivo na m\u00e9dia geral. Isso evidencia como a din\u00e2mica de um \u00fanico estado pode influenciar a tend\u00eancia de uma regi\u00e3o inteira e refor\u00e7a, para o consumidor, a necessidade de estar atento \u00e0s realidades locais, pois a varia\u00e7\u00e3o de pre\u00e7os entre estados vizinhos continua bastante significativa\u201d aponta Renato Mascarenhas, Diretor de Rede de Abastecimento da Edenred Mobilidade.<br \/>&#13;<br \/>\n\u00a0&#13;\n<\/p>\n<\/p><\/div>\n<\/p><\/div>\n<p><script data-cfasync=\"false\">\n    !function (f, b, e, v, n, t, s) {\n        if (f.fbq) return; n = f.fbq = function () {\n            n.callMethod ?\n                n.callMethod.apply(n, arguments) : n.queue.push(arguments)\n        };\n        if (!f._fbq) f._fbq = n; n.push = n; n.loaded = !0; n.version = '2.0';\n        n.queue = []; t = b.createElement(e); t.async = !0;\n        t.src = v; s = b.getElementsByTagName(e)[0];\n        s.parentNode.insertBefore(t, s)\n    }(window, document, 'script',\n        'https:\/\/connect.facebook.net\/en_US\/fbevents.js');\n    fbq('init', '522546078623747');\n    fbq('track', 'PageView');\n<\/script><br \/>\n<br \/><br \/>\n<br \/><a href=\"https:\/\/www.agrolink.com.br\/noticias\/gnv-cai-no-sul--mas-sc-tem-alta_506953.html\">Source link <\/a><\/p>\n","protected":false},"excerpt":{"rendered":"<p>&#13; O comportamento do GNV na Regi\u00e3o Sul em setembro nos mostra um cen\u00e1rio de contrastes&#13; &#13; Agrolink&#13; &#13; &#8211;<\/p>\n","protected":false},"author":1,"featured_media":4770,"comment_status":"open","ping_status":"open","sticky":false,"template":"","format":"standard","meta":{"_monsterinsights_skip_tracking":false,"_monsterinsights_sitenote_active":false,"_monsterinsights_sitenote_note":"","_monsterinsights_sitenote_category":0,"_uf_show_specific_survey":0,"_uf_disable_surveys":false,"footnotes":""},"categories":[8,1,14],"tags":[],"class_list":["post-22185","post","type-post","status-publish","format-standard","has-post-thumbnail","hentry","category-agro","category-news","category-politica-agro"],"_links":{"self":[{"href":"https:\/\/agromt.news\/index.php?rest_route=\/wp\/v2\/posts\/22185"}],"collection":[{"href":"https:\/\/agromt.news\/index.php?rest_route=\/wp\/v2\/posts"}],"about":[{"href":"https:\/\/agromt.news\/index.php?rest_route=\/wp\/v2\/types\/post"}],"author":[{"embeddable":true,"href":"https:\/\/agromt.news\/index.php?rest_route=\/wp\/v2\/users\/1"}],"replies":[{"embeddable":true,"href":"https:\/\/agromt.news\/index.php?rest_route=%2Fwp%2Fv2%2Fcomments&post=22185"}],"version-history":[{"count":0,"href":"https:\/\/agromt.news\/index.php?rest_route=\/wp\/v2\/posts\/22185\/revisions"}],"wp:featuredmedia":[{"embeddable":true,"href":"https:\/\/agromt.news\/index.php?rest_route=\/wp\/v2\/media\/4770"}],"wp:attachment":[{"href":"https:\/\/agromt.news\/index.php?rest_route=%2Fwp%2Fv2%2Fmedia&parent=22185"}],"wp:term":[{"taxonomy":"category","embeddable":true,"href":"https:\/\/agromt.news\/index.php?rest_route=%2Fwp%2Fv2%2Fcategories&post=22185"},{"taxonomy":"post_tag","embeddable":true,"href":"https:\/\/agromt.news\/index.php?rest_route=%2Fwp%2Fv2%2Ftags&post=22185"}],"curies":[{"name":"wp","href":"https:\/\/api.w.org\/{rel}","templated":true}]}}