{"id":22182,"date":"2025-10-15T15:51:23","date_gmt":"2025-10-15T19:51:23","guid":{"rendered":"https:\/\/agromt.news\/?p=22182"},"modified":"2025-10-15T15:51:23","modified_gmt":"2025-10-15T19:51:23","slug":"petrobras-tem-a-primeira-refinaria-do-pais-certificada-para-producao-de-saf","status":"publish","type":"post","link":"https:\/\/agromt.news\/?p=22182","title":{"rendered":"Petrobras tem a primeira refinaria do pa\u00eds certificada para produ\u00e7\u00e3o de SAF"},"content":{"rendered":"<p> <br \/>\n<br \/><img decoding=\"async\" src=\"https:\/\/agromt.news\/wp-content\/uploads\/2025\/06\/Reforma-tributaria-pode-reduzir-em-30-demanda-aerea-e-elevar.jpg\" \/><\/p>\n<div>\n<p>A Refinaria Duque de Caxias (Reduc), no Rio de Janeiro, \u00e9 a primeira no Brasil certificada para produzir e comercializar combust\u00edvel sustent\u00e1vel de avia\u00e7\u00e3o (SAF, na sigla em ingl\u00eas) pela rota <em>Hydroprocessed Esters and Fat Acids<\/em> [\u00c9steres e \u00c1cidos Graxos Hidroprocessados] (Hefa) de coprocessamento, uma das rotas reconhecidas internacionalmente como uma solu\u00e7\u00e3o estrat\u00e9gica para a descarboniza\u00e7\u00e3o do setor a\u00e9reo, informou a Petrobras nesta quarta-feira (15).<\/p>\n<p>A partir de 2027, as companhias a\u00e9reas no Brasil dever\u00e3o come\u00e7ar a usar, obrigatoriamente, esse tipo de combust\u00edvel em voos internacionais, com base na Lei do Combust\u00edvel do Futuro e na fase obrigat\u00f3ria do <em>Carbon Offsetting and Reduction Scheme for International Aviation <\/em>[Esquema de Compensa\u00e7\u00e3o e Redu\u00e7\u00e3o de Carbono para Avia\u00e7\u00e3o Internacional]\u00a0(Corsia).<\/p>\n<p>De acordo com a Petrobras, a certifica\u00e7\u00e3o ISCC Corsia assegura padr\u00f5es rigorosos de sustentabilidade e rastreabilidade para a redu\u00e7\u00e3o de emiss\u00f5es de gases de efeito estufa nos mercados internacionais do setor de avia\u00e7\u00e3o.<\/p>\n<h5 class=\"western\"><span style=\"color: #000000;\"><span style=\"font-family: Arial, sans-serif;\"><span style=\"font-size: x-large;\"><i>Veja em primeira m\u00e3o tudo sobre agricultura, pecu\u00e1ria, economia e previs\u00e3o do tempo:<\/i><\/span><\/span><\/span><a href=\"https:\/\/news.google.com\/publications\/CAAqBwgKMPKZlQswq_mqAw?hl=pt-BR&amp;gl=BR&amp;ceid=BR%3Apt-419\" target=\"_blank\" rel=\"noopener\"><span style=\"color: #1155cc;\"><span style=\"font-family: Arial, Helvetica, sans-serif;\">\u00a0<\/span><\/span><span style=\"color: #1155cc;\"><span style=\"font-family: Arial, sans-serif;\"><span style=\"font-size: x-large;\"><i>siga o Canal Rural no Google News!<\/i><\/span><\/span><\/span><\/a><\/h5>\n<p>\u201cO processo de certifica\u00e7\u00e3o foi iniciado ap\u00f3s a obten\u00e7\u00e3o da autoriza\u00e7\u00e3o da Ag\u00eancia Nacional do Petr\u00f3leo, G\u00e1s Natural e Biocombust\u00edveis <a href=\"https:\/\/www.canalrural.com.br\/tag\/anp\/\"><strong>(ANP)<\/strong><\/a> para a produ\u00e7\u00e3o de SAF, em maio deste ano, culminando na emiss\u00e3o do certificado pela ISCC em outubro\u201d, destacou a empresa em nota.<\/p>\n<p>O SAF pode substituir diretamente o querosene de avia\u00e7\u00e3o convencional sem necessidade de modifica\u00e7\u00f5es nas aeronaves ou na infraestrutura de abastecimento. \u201cIsso torna o combust\u00edvel uma solu\u00e7\u00e3o pr\u00e1tica e r\u00e1pida para reduzir as emiss\u00f5es do setor a\u00e9reo\u201d, observou.<\/p>\n<p>A Reduc possui autoriza\u00e7\u00e3o da ANP para incorporar at\u00e9 <strong>1,2%<\/strong> de mat\u00e9ria-prima renov\u00e1vel na produ\u00e7\u00e3o de SAF por esta rota. A previs\u00e3o \u00e9 que, a partir dos pr\u00f3ximos meses, a refinaria inicie a produ\u00e7\u00e3o para comercializar at\u00e9 <strong>50 mil m\u00b3\/m\u00eas<\/strong> (10 mil bpd) do combust\u00edvel.<\/p>\n<p>A utiliza\u00e7\u00e3o de mat\u00e9ria-prima de baixa intensidade de carbono e o teor de compostos renov\u00e1veis obtido no combust\u00edvel s\u00e3o compat\u00edveis com a exig\u00eancia de redu\u00e7\u00e3o de 1% das emiss\u00f5es de gases de efeito estufa para a avia\u00e7\u00e3o dom\u00e9stica em 2027.<\/p>\n<p>\u201cA Petrobras d\u00e1 mais um passo no caminho da transi\u00e7\u00e3o energ\u00e9tica justa ao oferecer ao mercado uma solu\u00e7\u00e3o estrat\u00e9gica de baixo investimento e r\u00e1pida implementa\u00e7\u00e3o, contribuindo de forma efetiva para a descarboniza\u00e7\u00e3o do setor a\u00e9reo. Concomitante a isso, estamos provando a import\u00e2ncia dos investimentos em inova\u00e7\u00e3o e sustentabilidade no refino brasileiro\u201d, disse na nota o diretor de Processos Industriais e Produtos da Petrobras, William Fran\u00e7a.<\/p>\n<\/p><\/div>\n<p><br \/>\n<br \/><a href=\"https:\/\/www.canalrural.com.br\/sustentabilidade\/petrobras-tem-a-primeira-refinaria-do-pais-certificada-para-producao-de-saf\/\">Source link <\/a><\/p>\n","protected":false},"excerpt":{"rendered":"<p>A Refinaria Duque de Caxias (Reduc), no Rio de Janeiro, \u00e9 a primeira no Brasil certificada para produzir e comercializar<\/p>\n","protected":false},"author":1,"featured_media":14483,"comment_status":"open","ping_status":"open","sticky":false,"template":"","format":"standard","meta":{"_monsterinsights_skip_tracking":false,"_monsterinsights_sitenote_active":false,"_monsterinsights_sitenote_note":"","_monsterinsights_sitenote_category":0,"_uf_show_specific_survey":0,"_uf_disable_surveys":false,"footnotes":""},"categories":[1],"tags":[],"class_list":["post-22182","post","type-post","status-publish","format-standard","has-post-thumbnail","hentry","category-news"],"_links":{"self":[{"href":"https:\/\/agromt.news\/index.php?rest_route=\/wp\/v2\/posts\/22182"}],"collection":[{"href":"https:\/\/agromt.news\/index.php?rest_route=\/wp\/v2\/posts"}],"about":[{"href":"https:\/\/agromt.news\/index.php?rest_route=\/wp\/v2\/types\/post"}],"author":[{"embeddable":true,"href":"https:\/\/agromt.news\/index.php?rest_route=\/wp\/v2\/users\/1"}],"replies":[{"embeddable":true,"href":"https:\/\/agromt.news\/index.php?rest_route=%2Fwp%2Fv2%2Fcomments&post=22182"}],"version-history":[{"count":0,"href":"https:\/\/agromt.news\/index.php?rest_route=\/wp\/v2\/posts\/22182\/revisions"}],"wp:featuredmedia":[{"embeddable":true,"href":"https:\/\/agromt.news\/index.php?rest_route=\/wp\/v2\/media\/14483"}],"wp:attachment":[{"href":"https:\/\/agromt.news\/index.php?rest_route=%2Fwp%2Fv2%2Fmedia&parent=22182"}],"wp:term":[{"taxonomy":"category","embeddable":true,"href":"https:\/\/agromt.news\/index.php?rest_route=%2Fwp%2Fv2%2Fcategories&post=22182"},{"taxonomy":"post_tag","embeddable":true,"href":"https:\/\/agromt.news\/index.php?rest_route=%2Fwp%2Fv2%2Ftags&post=22182"}],"curies":[{"name":"wp","href":"https:\/\/api.w.org\/{rel}","templated":true}]}}