{"id":22155,"date":"2025-10-15T10:31:00","date_gmt":"2025-10-15T14:31:00","guid":{"rendered":"https:\/\/agromt.news\/?p=22155"},"modified":"2025-10-15T10:31:00","modified_gmt":"2025-10-15T14:31:00","slug":"volume-de-cafe-exportado-cai-mas-receita-aumenta","status":"publish","type":"post","link":"https:\/\/agromt.news\/?p=22155","title":{"rendered":"Volume de caf\u00e9 exportado cai, mas receita aumenta"},"content":{"rendered":"<p> <br \/>\n<br \/><img decoding=\"async\" src=\"https:\/\/agromt.news\/wp-content\/uploads\/2025\/07\/Cafe-sofre-queda-de-mais-de-20-no-mes-de.jpg\" \/><\/p>\n<div>\n<p>O volume de caf\u00e9 exportado pelo Brasil caiu em setembro, refletindo a menor disponibilidade do gr\u00e3o no Pa\u00eds. Isso \u00e9 o que apontam os dados analisados pelo <a href=\"https:\/\/www.canalrural.com.br\/tag\/cepea\/\">Centro de Estudos Avan\u00e7ados em Economia Aplicada (Cepea).<\/a><\/p>\n<p>Essa menor disponibilidade se deu frente \u00e0 colheita de uma safra reduzida e a problemas no beneficiamento, os estoques dom\u00e9sticos ajustados e tamb\u00e9m as tarifas impostas pelo governo norte-americano \u00e0s importa\u00e7\u00f5es do caf\u00e9 brasileiro.\u00a0<\/p>\n<p>Ao todo, o escoamento atingiu 3,75 milh\u00f5es de sacas de 60 kg em setembro, representando uma redu\u00e7\u00e3o de 18,4% frente ao mesmo m\u00eas de 2024. Apesar disso, o maior pre\u00e7o pago pelo produto brasileiro garantiu aumento na receita, de 11,1%, para US$ 1,369 bilh\u00e3o.<\/p>\n<p>Em rela\u00e7\u00e3o ao desenvolvimento da safra brasileiras, levantamento do Cepea mostra que fim de semana trouxe a retomada das chuvas nas regi\u00f5es produtoras. O aumento na pluviosidade era bastante esperado, j\u00e1 que, no fim de setembro, uma boa florada havia sido registrada em muitas \u00e1reas.<\/p>\n<p><em>*Sob supervis\u00e3o de Luis Roberto Toledo<\/em><\/p>\n<\/p><\/div>\n<p><br \/>\n<br \/><a href=\"https:\/\/www.canalrural.com.br\/agricultura\/volume-de-cafe-exportado-cai-mas-receita-aumenta\/\">Source link <\/a><\/p>\n","protected":false},"excerpt":{"rendered":"<p>O volume de caf\u00e9 exportado pelo Brasil caiu em setembro, refletindo a menor disponibilidade do gr\u00e3o no Pa\u00eds. Isso \u00e9<\/p>\n","protected":false},"author":1,"featured_media":14108,"comment_status":"open","ping_status":"open","sticky":false,"template":"","format":"standard","meta":{"_monsterinsights_skip_tracking":false,"_monsterinsights_sitenote_active":false,"_monsterinsights_sitenote_note":"","_monsterinsights_sitenote_category":0,"_uf_show_specific_survey":0,"_uf_disable_surveys":false,"footnotes":""},"categories":[1],"tags":[],"class_list":["post-22155","post","type-post","status-publish","format-standard","has-post-thumbnail","hentry","category-news"],"_links":{"self":[{"href":"https:\/\/agromt.news\/index.php?rest_route=\/wp\/v2\/posts\/22155"}],"collection":[{"href":"https:\/\/agromt.news\/index.php?rest_route=\/wp\/v2\/posts"}],"about":[{"href":"https:\/\/agromt.news\/index.php?rest_route=\/wp\/v2\/types\/post"}],"author":[{"embeddable":true,"href":"https:\/\/agromt.news\/index.php?rest_route=\/wp\/v2\/users\/1"}],"replies":[{"embeddable":true,"href":"https:\/\/agromt.news\/index.php?rest_route=%2Fwp%2Fv2%2Fcomments&post=22155"}],"version-history":[{"count":0,"href":"https:\/\/agromt.news\/index.php?rest_route=\/wp\/v2\/posts\/22155\/revisions"}],"wp:featuredmedia":[{"embeddable":true,"href":"https:\/\/agromt.news\/index.php?rest_route=\/wp\/v2\/media\/14108"}],"wp:attachment":[{"href":"https:\/\/agromt.news\/index.php?rest_route=%2Fwp%2Fv2%2Fmedia&parent=22155"}],"wp:term":[{"taxonomy":"category","embeddable":true,"href":"https:\/\/agromt.news\/index.php?rest_route=%2Fwp%2Fv2%2Fcategories&post=22155"},{"taxonomy":"post_tag","embeddable":true,"href":"https:\/\/agromt.news\/index.php?rest_route=%2Fwp%2Fv2%2Ftags&post=22155"}],"curies":[{"name":"wp","href":"https:\/\/api.w.org\/{rel}","templated":true}]}}