{"id":22146,"date":"2025-10-15T07:18:59","date_gmt":"2025-10-15T11:18:59","guid":{"rendered":"https:\/\/agromt.news\/?p=22146"},"modified":"2025-10-15T07:18:59","modified_gmt":"2025-10-15T11:18:59","slug":"feira-do-empreendedor-estimula-inovacao-e-conecta-pequenos-negocios-em-sao-paulo","status":"publish","type":"post","link":"https:\/\/agromt.news\/?p=22146","title":{"rendered":"&#8216;Feira do Empreendedor&#8217; estimula inova\u00e7\u00e3o e conecta pequenos neg\u00f3cios em S\u00e3o Paulo"},"content":{"rendered":"<p> <br \/>\n<br \/><img decoding=\"async\" src=\"https:\/\/agromt.news\/wp-content\/uploads\/2025\/10\/Feira-do-Empreendedor-estimula-inovacao-e-conecta-pequenos-negocios-em.jpg\" \/><\/p>\n<div>\n<p>A 14\u00aa edi\u00e7\u00e3o da <a href=\"https:\/\/www.canalrural.com.br\/empreendedorismo\/oito-meis-de-piracicaba-vao-expor-de-graca-na-feira-do-empreendedor-2025\/\">Feira do Empreendedor <\/a>come\u00e7a hoje (15), \u00e0s 10h, e segue at\u00e9 s\u00e1bado (18), no S\u00e3o Paulo Expo. O evento, que tem entrada gratuita, promete impulsionar o empreendedorismo e apresentar o conceito de <strong><a href=\"https:\/\/www.canalrural.com.br\/diversos\/empreendedora-paulista-transforma-tradicao-em-negocio-e-estreia-na-fe25\/\">Intelig\u00eancia Empreendedora<\/a><\/strong>, voltado \u00e0 gera\u00e7\u00e3o de neg\u00f3cios, inova\u00e7\u00e3o e networking.\u00a0<\/p>\n<p>A expectativa \u00e9 receber mais de 100 mil visitantes, portanto o p\u00fablico deve se preparar para uma programa\u00e7\u00e3o intensa. Com mais de 50 mil m\u00b2, a feira est\u00e1 dividida em sete eixos tem\u00e1ticos: Comece seu Neg\u00f3cio, Gerencie seu Dinheiro, Inova\u00e7\u00e3o e Tecnologia, Marketing e Vendas, Comportamento Empreendedor, ESG e Cidade Empreendedora. Sendo assim, cada visitante poder\u00e1 vivenciar experi\u00eancias direcionadas de acordo com seu perfil e est\u00e1gio do neg\u00f3cio.<\/p>\n<p>Al\u00e9m das atra\u00e7\u00f5es tem\u00e1ticas, a programa\u00e7\u00e3o conta com palestras, pain\u00e9is, <strong>rodadas de neg\u00f3cios e consultorias.<\/strong> No entanto, o grande destaque ser\u00e1 a apresenta\u00e7\u00e3o do novo <strong>Sebrae M\u00f3vel<\/strong>, ve\u00edculo em formato truck que leva atendimento e orienta\u00e7\u00e3o a empreendedores em todo o estado.<\/p>\n<ul class=\"wp-block-list\">\n<li>Participe do Porteira Aberta Empreender: envie perguntas, sugest\u00f5es e conte a sua hist\u00f3ria de empreendedorismo pelo<a href=\"https:\/\/api.whatsapp.com\/send?phone=5511932796720&amp;PorteiraAbertaEmpreender=SuaMensagem\"> WhatsApp<\/a><\/li>\n<\/ul>\n<p>E as atra\u00e7\u00f5es n\u00e3o param por a\u00ed, n\u00e3o. Devem passar pelo evento Deborah Secco, Nath Finan\u00e7as, Rodrigo Faro, Raony Phillips e Carol Paiffer, que compartilhar\u00e3o hist\u00f3rias de sucesso e supera\u00e7\u00e3o. Al\u00e9m disso, a feira trar\u00e1 destaque para o carbono neutro, refor\u00e7ando o compromisso com a sustentabilidade e o impacto social.<\/p>\n<p><strong>Quem pretende participar da <a href=\"https:\/\/feiradoempreendedor.sebraesp.com.br\/\">FE25<\/a> contar\u00e1 com transporte gratuito entre as esta\u00e7\u00f5es Santos-Imigrantes e S\u00e3o Judas at\u00e9 o pavilh\u00e3o<\/strong>. <\/p>\n<\/p><\/div>\n<p><br \/>\n<br \/><a href=\"https:\/\/www.canalrural.com.br\/empreendedorismo\/feira-do-empreendedor-estimula-inovacao-e-conecta-pequenos-negocios-em-sao-paulo\/\">Source link <\/a><\/p>\n","protected":false},"excerpt":{"rendered":"<p>A 14\u00aa edi\u00e7\u00e3o da Feira do Empreendedor come\u00e7a hoje (15), \u00e0s 10h, e segue at\u00e9 s\u00e1bado (18), no S\u00e3o Paulo<\/p>\n","protected":false},"author":1,"featured_media":22147,"comment_status":"open","ping_status":"open","sticky":false,"template":"","format":"standard","meta":{"_monsterinsights_skip_tracking":false,"_monsterinsights_sitenote_active":false,"_monsterinsights_sitenote_note":"","_monsterinsights_sitenote_category":0,"_uf_show_specific_survey":0,"_uf_disable_surveys":false,"footnotes":""},"categories":[1],"tags":[],"class_list":["post-22146","post","type-post","status-publish","format-standard","has-post-thumbnail","hentry","category-news"],"_links":{"self":[{"href":"https:\/\/agromt.news\/index.php?rest_route=\/wp\/v2\/posts\/22146"}],"collection":[{"href":"https:\/\/agromt.news\/index.php?rest_route=\/wp\/v2\/posts"}],"about":[{"href":"https:\/\/agromt.news\/index.php?rest_route=\/wp\/v2\/types\/post"}],"author":[{"embeddable":true,"href":"https:\/\/agromt.news\/index.php?rest_route=\/wp\/v2\/users\/1"}],"replies":[{"embeddable":true,"href":"https:\/\/agromt.news\/index.php?rest_route=%2Fwp%2Fv2%2Fcomments&post=22146"}],"version-history":[{"count":0,"href":"https:\/\/agromt.news\/index.php?rest_route=\/wp\/v2\/posts\/22146\/revisions"}],"wp:featuredmedia":[{"embeddable":true,"href":"https:\/\/agromt.news\/index.php?rest_route=\/wp\/v2\/media\/22147"}],"wp:attachment":[{"href":"https:\/\/agromt.news\/index.php?rest_route=%2Fwp%2Fv2%2Fmedia&parent=22146"}],"wp:term":[{"taxonomy":"category","embeddable":true,"href":"https:\/\/agromt.news\/index.php?rest_route=%2Fwp%2Fv2%2Fcategories&post=22146"},{"taxonomy":"post_tag","embeddable":true,"href":"https:\/\/agromt.news\/index.php?rest_route=%2Fwp%2Fv2%2Ftags&post=22146"}],"curies":[{"name":"wp","href":"https:\/\/api.w.org\/{rel}","templated":true}]}}