{"id":22142,"date":"2025-10-15T02:38:59","date_gmt":"2025-10-15T06:38:59","guid":{"rendered":"https:\/\/agromt.news\/?p=22142"},"modified":"2025-10-15T02:38:59","modified_gmt":"2025-10-15T06:38:59","slug":"dia-da-pecuaria-destaca-importancia-economica-do-setor","status":"publish","type":"post","link":"https:\/\/agromt.news\/?p=22142","title":{"rendered":"Dia da Pecu\u00e1ria destaca import\u00e2ncia econ\u00f4mica do setor"},"content":{"rendered":"<p> <br \/>\n<\/p>\n<div>\n<p style=\"text-align:justify\">Nesta ter\u00e7a-feira (14) \u00e9 comemorado o Dia Nacional da Pecu\u00e1ria, data que marca a relev\u00e2ncia do setor para o agroneg\u00f3cio brasileiro. A atividade mant\u00e9m posi\u00e7\u00e3o de destaque no cen\u00e1rio nacional e internacional, impulsionada por produtividade, qualidade e pela ado\u00e7\u00e3o de pr\u00e1ticas sustent\u00e1veis.&#13;\n<\/p>\n<p style=\"text-align:justify\">De acordo com o Minist\u00e9rio da Agricultura e Pecu\u00e1ria (Mapa), programas sanit\u00e1rios reconhecidos pela Organiza\u00e7\u00e3o Mundial da Sa\u00fade Animal (OMSA) fortalecem a cadeia produtiva, garantindo bem-estar animal e ampliando a competitividade do pa\u00eds. \u201cO incentivo \u00e0 integra\u00e7\u00e3o de sistemas com potencial de sequestro de carbono, conserva\u00e7\u00e3o do solo e melhoria das condi\u00e7\u00f5es de produ\u00e7\u00e3o tem papel estrat\u00e9gico no desenvolvimento do setor\u201d, informou a pasta.<\/p>\n<p style=\"text-align:justify\">Segundo a Companhia Nacional de Abastecimento (Conab), a produ\u00e7\u00e3o de carne bovina atingiu recorde hist\u00f3rico em 2024, com mais de 11 milh\u00f5es de toneladas equivalente carca\u00e7a, resultado impulsionado pelo aumento do abate. Dados do Instituto Brasileiro de Geografia e Estat\u00edstica (IBGE) mostram que, no segundo trimestre de 2025, o abate de bovinos cresceu 3,9%, alcan\u00e7ando 10,46 milh\u00f5es de cabe\u00e7as.&#13;\n<\/p>\n<p style=\"text-align:justify\">A produ\u00e7\u00e3o de carne de frango tamb\u00e9m apresentou eleva\u00e7\u00e3o, mesmo ap\u00f3s o impacto da influenza avi\u00e1ria registrada em maio deste ano. Segundo o IBGE, o abate aumentou 1,1% em rela\u00e7\u00e3o a 2024, registrando a melhor s\u00e9rie hist\u00f3rica para o segundo trimestre. J\u00e1 a produ\u00e7\u00e3o de su\u00ednos segue em crescimento gradual. A Conab projeta alta de 3,6% at\u00e9 2026, impulsionada por exporta\u00e7\u00f5es e maior demanda interna.<\/p>\n<p style=\"text-align:justify\">Para garantir expans\u00e3o com sustentabilidade, o Mapa desenvolve iniciativas como o Plano de Adapta\u00e7\u00e3o e Baixa Emiss\u00e3o de Carbono na Agricultura (Plano ABC+), que re\u00fane tecnologias para conciliar produ\u00e7\u00e3o e equil\u00edbrio ambiental. Entre as a\u00e7\u00f5es est\u00e3o a recupera\u00e7\u00e3o de pastagens, uso de biodigestores e termina\u00e7\u00e3o intensiva, com abate de animais com menos de 24 meses. A meta do programa \u00e9 ampliar em cinco milh\u00f5es o n\u00famero de animais abatidos nessa faixa et\u00e1ria, reduzindo a pegada de carbono da pecu\u00e1ria.&#13;\n<\/p>\n<p style=\"text-align:justify\">O desempenho do setor tamb\u00e9m se reflete no com\u00e9rcio exterior. Em 2024, as exporta\u00e7\u00f5es de carnes somaram mais de US$ 26,1 bilh\u00f5es. At\u00e9 setembro de 2025, j\u00e1 foram exportados US$ 22,5 bilh\u00f5es. Segundo dados da balan\u00e7a comercial do Mapa, houve aumento de 55% nas exporta\u00e7\u00f5es de carne bovina in natura, que atingiram US$ 1,77 bilh\u00e3o. A carne su\u00edna in natura alcan\u00e7ou US$ 346,1 milh\u00f5es, crescimento de 28,6%.<\/p>\n<\/p><\/div>\n<p><script data-cfasync=\"false\">\n    !function (f, b, e, v, n, t, s) {\n        if (f.fbq) return; n = f.fbq = function () {\n            n.callMethod ?\n                n.callMethod.apply(n, arguments) : n.queue.push(arguments)\n        };\n        if (!f._fbq) f._fbq = n; n.push = n; n.loaded = !0; n.version = '2.0';\n        n.queue = []; t = b.createElement(e); t.async = !0;\n        t.src = v; s = b.getElementsByTagName(e)[0];\n        s.parentNode.insertBefore(t, s)\n    }(window, document, 'script',\n        'https:\/\/connect.facebook.net\/en_US\/fbevents.js');\n    fbq('init', '522546078623747');\n    fbq('track', 'PageView');\n<\/script><br \/>\n<br \/><br \/>\n<br \/><a href=\"https:\/\/www.agrolink.com.br\/noticias\/dia-da-pecuaria-destaca-importancia-economica-do-setor_506964.html\">Source link <\/a><\/p>\n","protected":false},"excerpt":{"rendered":"<p>Nesta ter\u00e7a-feira (14) \u00e9 comemorado o Dia Nacional da Pecu\u00e1ria, data que marca a relev\u00e2ncia do setor para o agroneg\u00f3cio<\/p>\n","protected":false},"author":1,"featured_media":639,"comment_status":"open","ping_status":"open","sticky":false,"template":"","format":"standard","meta":{"_monsterinsights_skip_tracking":false,"_monsterinsights_sitenote_active":false,"_monsterinsights_sitenote_note":"","_monsterinsights_sitenote_category":0,"_uf_show_specific_survey":0,"_uf_disable_surveys":false,"footnotes":""},"categories":[8,1,14],"tags":[],"class_list":["post-22142","post","type-post","status-publish","format-standard","has-post-thumbnail","hentry","category-agro","category-news","category-politica-agro"],"_links":{"self":[{"href":"https:\/\/agromt.news\/index.php?rest_route=\/wp\/v2\/posts\/22142"}],"collection":[{"href":"https:\/\/agromt.news\/index.php?rest_route=\/wp\/v2\/posts"}],"about":[{"href":"https:\/\/agromt.news\/index.php?rest_route=\/wp\/v2\/types\/post"}],"author":[{"embeddable":true,"href":"https:\/\/agromt.news\/index.php?rest_route=\/wp\/v2\/users\/1"}],"replies":[{"embeddable":true,"href":"https:\/\/agromt.news\/index.php?rest_route=%2Fwp%2Fv2%2Fcomments&post=22142"}],"version-history":[{"count":0,"href":"https:\/\/agromt.news\/index.php?rest_route=\/wp\/v2\/posts\/22142\/revisions"}],"wp:featuredmedia":[{"embeddable":true,"href":"https:\/\/agromt.news\/index.php?rest_route=\/wp\/v2\/media\/639"}],"wp:attachment":[{"href":"https:\/\/agromt.news\/index.php?rest_route=%2Fwp%2Fv2%2Fmedia&parent=22142"}],"wp:term":[{"taxonomy":"category","embeddable":true,"href":"https:\/\/agromt.news\/index.php?rest_route=%2Fwp%2Fv2%2Fcategories&post=22142"},{"taxonomy":"post_tag","embeddable":true,"href":"https:\/\/agromt.news\/index.php?rest_route=%2Fwp%2Fv2%2Ftags&post=22142"}],"curies":[{"name":"wp","href":"https:\/\/api.w.org\/{rel}","templated":true}]}}