{"id":22134,"date":"2025-10-14T20:58:22","date_gmt":"2025-10-15T00:58:22","guid":{"rendered":"https:\/\/agromt.news\/?p=22134"},"modified":"2025-10-14T20:58:22","modified_gmt":"2025-10-15T00:58:22","slug":"demanda-interna-e-pico-de-exportacao-mexem-com-mercado-veja-os-precos","status":"publish","type":"post","link":"https:\/\/agromt.news\/?p=22134","title":{"rendered":"demanda interna e pico de exporta\u00e7\u00e3o mexem com mercado; veja os pre\u00e7os"},"content":{"rendered":"<p> <br \/>\n<br \/><img decoding=\"async\" src=\"https:\/\/agromt.news\/wp-content\/uploads\/2024\/11\/Precos-da-arroba-do-boi-no-pais-se-aproximam-dos.jpg\" \/><\/p>\n<div>\n<p>O mercado f\u00edsico do boi gordo volta a se deparar com alguma recupera\u00e7\u00e3o em seus pre\u00e7os no decorrer desta ter\u00e7a-feira (14), com destaque para o movimento deflagrado em Mato Grosso.<\/p>\n<p>J\u00e1 em estados como Goi\u00e1s, S\u00e3o Paulo, Minas Gerais e Mato Grosso do Sul o perfil \u00e9 de<br \/>maior acomoda\u00e7\u00e3o, com manuten\u00e7\u00e3o do padr\u00e3o dos neg\u00f3cios, aponta o analista da consultoria Safras &amp; Mercado Fernando Henrique Iglesias.<\/p>\n<p>\u201cOs frigor\u00edficos de maior porte ainda sinalizam para uma posi\u00e7\u00e3o mais confort\u00e1vel de suas escalas de abate, ainda contando com a incid\u00eancia de animais de parceria. Exporta\u00e7\u00f5es seguem como um grande diferencial e vale mencionar que o m\u00eas de setembro marcou o maior volume da hist\u00f3ria em exporta\u00e7\u00e3o\u201d, ressaltou.<\/p>\n<ul class=\"wp-block-list\">\n<li><strong>S\u00e3o Paulo:<\/strong> R$ 310,80 \u2014 ontem: R$ 311,08<\/li>\n<li><strong>Goi\u00e1s:<\/strong> R$ 298,39 \u2014 R$ 298,21<\/li>\n<li><strong>Minas Gerais: <\/strong>R$ 299,41 \u2014 R$ 298,53<\/li>\n<li><strong>Mato Grosso do Sul: <\/strong>R$ 322,27 \u2014 R$ 322,16<\/li>\n<li><strong>Mato Grosso:<\/strong> R$ 296,54 \u2014 R$ 293,28<\/li>\n<\/ul>\n<h2 class=\"wp-block-heading\" id=\"h-mercado-atacadista\">Mercado atacadista<\/h2>\n<p>O mercado atacadista apresenta pre\u00e7os firmes durante a ter\u00e7a-feira, e o ambiente de neg\u00f3cios sugere para alta das indica\u00e7\u00f5es. <\/p>\n<p>\u201cNo entanto, isso deve acontecer de maneira comedida. \u00c9 importante mencionar que a demanda dom\u00e9stica se aproxima do seu auge, com a incid\u00eancia do 13\u00ba sal\u00e1rio, cria\u00e7\u00e3o dos postos tempor\u00e1rios de emprego e confraterniza\u00e7\u00f5es de final de ano, fatores que oferecem uma perspectiva positiva\u201d, assinalou Iglesias.<\/p>\n<ul class=\"wp-block-list\">\n<li><strong>Quarto traseiro:<\/strong> segue no patamar de R$ 25 por quilo<\/li>\n<li><strong>Ponta de agulha:<\/strong> ainda \u00e9 precificada a R$ 16,50 por quilo <\/li>\n<li><strong>Quarto dianteiro: <\/strong>se mant\u00e9m a R$ 18 por quilo.<\/li>\n<\/ul>\n<h2 class=\"wp-block-heading\" id=\"h-cambio\">C\u00e2mbio<\/h2>\n<p>O d\u00f3lar comercial encerrou a sess\u00e3o com baixa de 0,14%, sendo negociado a R$ 5,3426 para venda e a R$ 5,3406 para compra. Durante o dia, a moeda norte-americana oscilou entre a m\u00ednima de R$ 5,3292 e a m\u00e1xima de R$ 5,3637.<\/p>\n<\/p><\/div>\n<p><br \/>\n<br \/><a href=\"https:\/\/www.canalrural.com.br\/pecuaria\/boi-gordo-demanda-interna-e-pico-de-exportacao-mexem-com-mercado-veja-os-precos\/\">Source link <\/a><\/p>\n","protected":false},"excerpt":{"rendered":"<p>O mercado f\u00edsico do boi gordo volta a se deparar com alguma recupera\u00e7\u00e3o em seus pre\u00e7os no decorrer desta ter\u00e7a-feira<\/p>\n","protected":false},"author":1,"featured_media":4843,"comment_status":"open","ping_status":"open","sticky":false,"template":"","format":"standard","meta":{"_monsterinsights_skip_tracking":false,"_monsterinsights_sitenote_active":false,"_monsterinsights_sitenote_note":"","_monsterinsights_sitenote_category":0,"_uf_show_specific_survey":0,"_uf_disable_surveys":false,"footnotes":""},"categories":[1],"tags":[],"class_list":["post-22134","post","type-post","status-publish","format-standard","has-post-thumbnail","hentry","category-news"],"_links":{"self":[{"href":"https:\/\/agromt.news\/index.php?rest_route=\/wp\/v2\/posts\/22134"}],"collection":[{"href":"https:\/\/agromt.news\/index.php?rest_route=\/wp\/v2\/posts"}],"about":[{"href":"https:\/\/agromt.news\/index.php?rest_route=\/wp\/v2\/types\/post"}],"author":[{"embeddable":true,"href":"https:\/\/agromt.news\/index.php?rest_route=\/wp\/v2\/users\/1"}],"replies":[{"embeddable":true,"href":"https:\/\/agromt.news\/index.php?rest_route=%2Fwp%2Fv2%2Fcomments&post=22134"}],"version-history":[{"count":0,"href":"https:\/\/agromt.news\/index.php?rest_route=\/wp\/v2\/posts\/22134\/revisions"}],"wp:featuredmedia":[{"embeddable":true,"href":"https:\/\/agromt.news\/index.php?rest_route=\/wp\/v2\/media\/4843"}],"wp:attachment":[{"href":"https:\/\/agromt.news\/index.php?rest_route=%2Fwp%2Fv2%2Fmedia&parent=22134"}],"wp:term":[{"taxonomy":"category","embeddable":true,"href":"https:\/\/agromt.news\/index.php?rest_route=%2Fwp%2Fv2%2Fcategories&post=22134"},{"taxonomy":"post_tag","embeddable":true,"href":"https:\/\/agromt.news\/index.php?rest_route=%2Fwp%2Fv2%2Ftags&post=22134"}],"curies":[{"name":"wp","href":"https:\/\/api.w.org\/{rel}","templated":true}]}}