{"id":22132,"date":"2025-10-14T20:33:47","date_gmt":"2025-10-15T00:33:47","guid":{"rendered":"https:\/\/agromt.news\/?p=22132"},"modified":"2025-10-14T20:33:47","modified_gmt":"2025-10-15T00:33:47","slug":"mercado-da-soja-ganha-folego-com-foco-no-campo-e-demanda-da-china","status":"publish","type":"post","link":"https:\/\/agromt.news\/?p=22132","title":{"rendered":"Mercado da soja ganha f\u00f4lego com foco no campo e demanda da China"},"content":{"rendered":"<p> <br \/>\n<\/p>\n<div>\n<div class=\"row\">\n<div class=\"col-lg col-infos mt-0 mt-lg-0\">\n<div class=\"section-sub-title\">\n<p itemprop=\"description\">&#13;<br \/>\n                                Produtores reduziram a oferta no mercado spot&#13;\n                            <\/p>\n<\/p><\/div>\n<div class=\"container\">\n<div class=\"row\">\n<div class=\"col-lg p-0\">\n<div>\n<div class=\"block-news-main-infos mt-3 text-start\">\n<p>                                            <strong class=\"fn\" itemprop=\"author\" style=\"color: rgb(112, 112, 112); \">&#13;<br \/>\n                                                <a href=\"https:\/\/www.agrolink.com.br\/noticias\/javascript:;\" class=\"text-uppercase\" target=\"_blank\" style=\"color: rgb(112, 112, 112); \" rel=\"noopener\">Agrolink<\/a>&#13;<br \/>\n&#13;<br \/>\n                                                    &#8211; Aline Merladete&#13;<br \/>\n&#13;<br \/>\n                                            <\/strong><br \/>\n                                        <\/p>\n<p>                                            <abbr><time datetime=\"2025 - 10 - 13T14:02\" itemprop=\"datePublished dateModified\"> Publicado em 13\/10\/2025 \u00e0s 14:02h.<\/time><\/abbr>\n                                    <\/div>\n<\/p><\/div>\n<\/p><\/div>\n<div class=\"col-lg p-0 text-lg-end\">\n<div>\n<div id=\"mdEnviarPagina\" class=\"modal fade\" role=\"dialog\">\n<div class=\"modal-dialog\">\n<div class=\"modal-content\">\n<div class=\"modal-body\">\n<p><strong>Estimado usu\u00e1rio.<\/strong><br \/>Preencha o formul\u00e1rio abaixo para remeter a p\u00e1gina.<\/p>\n<\/p><\/div>\n<\/p><\/div>\n<\/p><\/div>\n<\/div><\/div>\n<\/p><\/div>\n<\/p><\/div>\n<\/p><\/div>\n<\/p><\/div>\n<\/p><\/div>\n<div class=\"row justify-content-md-center mt-3\">\n<div class=\"col-lg-auto col-image block-news-main-image\">\n<p>                                <img decoding=\"async\" src=\"https:\/\/www.agrolink.com.br\/upload\/imagens-resizes\/54d09bb85ff648f39185b525cc2d3be4_858x483.jpg\" class=\"lazyload img-fluid\"\/><br \/>\n                                                <span class=\"publicity-photo d-block mt-1\">Foto: Seane Lennon<\/span><\/p><\/div>\n<\/p><\/div>\n<div class=\"section-description section-description-noticias mt-3\">\n<p style=\"text-align:justify\">Com a aten\u00e7\u00e3o voltada \u00e0 temporada 2025\/26, produtores de soja reduziram a oferta no mercado spot, o que sustentou os pre\u00e7os internos e os pr\u00eamios de exporta\u00e7\u00e3o. Levantamento do Cepea revela movimento de retra\u00e7\u00e3o comercial, mesmo com demanda firme das ind\u00fastrias.&#13;\n<\/p>\n<p style=\"text-align:justify\">A desacelera\u00e7\u00e3o nas negocia\u00e7\u00f5es de <a href=\"https:\/\/www.agrolink.com.br\/culturas\/soja?utm_source=agrolink-detalhe-noticia&amp;utm_medium=detalhe-noticia&amp;utm_campaign=links-internos\" target=\"_blank\" rel=\"noopener\">soja<\/a> no mercado spot brasileiro, provocada pelo foco dos produtores nas atividades de campo para a safra 2025\/26, vem influenciando diretamente os pre\u00e7os dom\u00e9sticos e os pr\u00eamios de exporta\u00e7\u00e3o. A conclus\u00e3o \u00e9 de levantamento recente do Centro de Estudos Avan\u00e7ados em Economia Aplicada (Cepea), que destaca um cen\u00e1rio de valoriza\u00e7\u00e3o impulsionado por menor disponibilidade imediata da oleaginosa.<\/p>\n<p style=\"text-align:justify\">Segundo o Cepea, a retra\u00e7\u00e3o dos sojicultores nas vendas ocorre em um momento estrat\u00e9gico, em que os agentes do setor monitoram os desdobramentos da rela\u00e7\u00e3o comercial entre China e Estados Unidos. As incertezas nessa rota tradicional do com\u00e9rcio global abrem espa\u00e7o para expectativas de aumento nas exporta\u00e7\u00f5es brasileiras no \u00faltimo trimestre do ano, o que tamb\u00e9m sustenta o movimento de alta.&#13;\n<\/p>\n<p style=\"text-align:justify\">Do lado da demanda, as ind\u00fastrias esmagadoras nacionais seguem ativas nas compras. No entanto, muitas j\u00e1 relatam dificuldade para encontrar novos lotes dispon\u00edveis para entrega imediata. Esse desequil\u00edbrio entre oferta e demanda contribui para a manuten\u00e7\u00e3o dos pre\u00e7os em patamares elevados.<\/p>\n<p style=\"text-align:justify\">Al\u00e9m do fator clim\u00e1tico e das decis\u00f5es operacionais em campo, a perspectiva de aumento nas exporta\u00e7\u00f5es para a China refor\u00e7a o otimismo entre os vendedores. Com os pr\u00eamios de exporta\u00e7\u00e3o em alta e a firme demanda interna, o mercado brasileiro de soja entra no \u00faltimo trimestre do ano em ritmo de valoriza\u00e7\u00e3o, ainda que com pouca liquidez no spot.&#13;\n<\/p>\n<p style=\"text-align:justify\">A postura estrat\u00e9gica dos produtores diante do cen\u00e1rio internacional e o apetite das ind\u00fastrias devem continuar influenciando os pre\u00e7os da soja no curto prazo. A expectativa do setor \u00e9 de que a demanda externa, especialmente chinesa, seja um dos motores do mercado at\u00e9 o fim do ano, enquanto a ind\u00fastria nacional enfrenta desafios para manter o ritmo de aquisi\u00e7\u00e3o no spot.<\/p>\n<\/p><\/div>\n<\/p><\/div>\n<p><script data-cfasync=\"false\">\n    !function (f, b, e, v, n, t, s) {\n        if (f.fbq) return; n = f.fbq = function () {\n            n.callMethod ?\n                n.callMethod.apply(n, arguments) : n.queue.push(arguments)\n        };\n        if (!f._fbq) f._fbq = n; n.push = n; n.loaded = !0; n.version = '2.0';\n        n.queue = []; t = b.createElement(e); t.async = !0;\n        t.src = v; s = b.getElementsByTagName(e)[0];\n        s.parentNode.insertBefore(t, s)\n    }(window, document, 'script',\n        'https:\/\/connect.facebook.net\/en_US\/fbevents.js');\n    fbq('init', '522546078623747');\n    fbq('track', 'PageView');\n<\/script><br \/>\n<br \/><br \/>\n<br \/><a href=\"https:\/\/www.agrolink.com.br\/noticias\/mercado-da-soja-ganha-folego-com-foco-no-campo-e-demanda-da-china_506890.html\">Source link <\/a><\/p>\n","protected":false},"excerpt":{"rendered":"<p>&#13; Produtores reduziram a oferta no mercado spot&#13; &#13; Agrolink&#13; &#13; &#8211; Aline Merladete&#13; &#13; Publicado em 13\/10\/2025 \u00e0s 14:02h.<\/p>\n","protected":false},"author":1,"featured_media":9455,"comment_status":"open","ping_status":"open","sticky":false,"template":"","format":"standard","meta":{"_monsterinsights_skip_tracking":false,"_monsterinsights_sitenote_active":false,"_monsterinsights_sitenote_note":"","_monsterinsights_sitenote_category":0,"_uf_show_specific_survey":0,"_uf_disable_surveys":false,"footnotes":""},"categories":[8,1,14],"tags":[],"class_list":["post-22132","post","type-post","status-publish","format-standard","has-post-thumbnail","hentry","category-agro","category-news","category-politica-agro"],"_links":{"self":[{"href":"https:\/\/agromt.news\/index.php?rest_route=\/wp\/v2\/posts\/22132"}],"collection":[{"href":"https:\/\/agromt.news\/index.php?rest_route=\/wp\/v2\/posts"}],"about":[{"href":"https:\/\/agromt.news\/index.php?rest_route=\/wp\/v2\/types\/post"}],"author":[{"embeddable":true,"href":"https:\/\/agromt.news\/index.php?rest_route=\/wp\/v2\/users\/1"}],"replies":[{"embeddable":true,"href":"https:\/\/agromt.news\/index.php?rest_route=%2Fwp%2Fv2%2Fcomments&post=22132"}],"version-history":[{"count":0,"href":"https:\/\/agromt.news\/index.php?rest_route=\/wp\/v2\/posts\/22132\/revisions"}],"wp:featuredmedia":[{"embeddable":true,"href":"https:\/\/agromt.news\/index.php?rest_route=\/wp\/v2\/media\/9455"}],"wp:attachment":[{"href":"https:\/\/agromt.news\/index.php?rest_route=%2Fwp%2Fv2%2Fmedia&parent=22132"}],"wp:term":[{"taxonomy":"category","embeddable":true,"href":"https:\/\/agromt.news\/index.php?rest_route=%2Fwp%2Fv2%2Fcategories&post=22132"},{"taxonomy":"post_tag","embeddable":true,"href":"https:\/\/agromt.news\/index.php?rest_route=%2Fwp%2Fv2%2Ftags&post=22132"}],"curies":[{"name":"wp","href":"https:\/\/api.w.org\/{rel}","templated":true}]}}