{"id":22131,"date":"2025-10-14T20:25:47","date_gmt":"2025-10-15T00:25:47","guid":{"rendered":"https:\/\/agromt.news\/?p=22131"},"modified":"2025-10-14T20:25:47","modified_gmt":"2025-10-15T00:25:47","slug":"em-setembro-temperatura-media-do-mundo-foi-a-terceira-mais-quente-da-historia","status":"publish","type":"post","link":"https:\/\/agromt.news\/?p=22131","title":{"rendered":"Em setembro, temperatura m\u00e9dia do mundo foi a terceira mais quente da hist\u00f3ria"},"content":{"rendered":"<p> <br \/>\n<br \/><img decoding=\"async\" src=\"https:\/\/agromt.news\/wp-content\/uploads\/2025\/04\/Virada-no-tempo-calor-de-34oC-afetara-regioes-de-7.jpg\" \/><\/p>\n<div>\n<p>Dados do relat\u00f3rio do Copernicus mostram que setembro de 2025 registrou a terceira maior temperatura m\u00e9dia global da hist\u00f3ria, com 1,47 \u00baC acima da m\u00e9dia pr\u00e9-industrial. O aquecimento se concentrou principalmente no \u00c1rtico e na Ant\u00e1rtica, segundo o meteorologista do Canal Rural, Arthur M\u00fcller.<\/p>\n<div data-icp-cta=\"1\" id=\"icp-cta-unique\">Voc\u00ea quer entender como usar o clima a seu favor?<b> <\/b><a href=\"https:\/\/climacampo.canalrural.com.br\/climacampo_-01\">Preparamos um e-book exclusivo<\/a> para ajudar produtores rurais a se antecipar \u00e0s mudan\u00e7as do tempo e planejar melhor suas a\u00e7\u00f5es. Com base em previs\u00f5es meteorol\u00f3gicas confi\u00e1veis, ele oferece orienta\u00e7\u00f5es pr\u00e1ticas para proteger sua lavoura e otimizar seus resultados.<\/div>\n<p>Segundo M\u00fcller, mesmo com o fen\u00f4meno La Ni\u00f1a em andamento, que costuma resfriar parte da Am\u00e9rica do Sul, o term\u00f4metro global voltou a subir, indicando tend\u00eancia de aquecimento nos pr\u00f3ximos anos. <\/p>\n<p>No Jap\u00e3o, por exemplo, as temperaturas chegaram a 43 \u00baC no \u00faltimo m\u00eas, evidenciando extremos clim\u00e1ticos que podem afetar diretamente a produ\u00e7\u00e3o agr\u00edcola e o bem-estar da popula\u00e7\u00e3o. <\/p>\n<figure class=\"wp-block-embed wp-embed-aspect-16-9 wp-has-aspect-ratio  is-type-video is-provider-youtube wp-block-embed-youtube\"\/>\n<p>Em 2023, o fen\u00f4meno contribuiu para quebras de safra de soja no Centro-Oeste brasileiro, enquanto 2024 ficou registrado como o segundo ano mais quente da hist\u00f3ria, ficando apenas abaixo do recorde anterior.<\/p>\n<h2 class=\"wp-block-heading\" id=\"h-aquecimento-global\">Aquecimento global<\/h2>\n<p>De acordo M\u00fcller, parte do Pac\u00edfico Equatorial apresenta \u00e1guas mais frias, mas, ao redor, o oceano continua aquecido, mantendo uma m\u00e9dia global elevada que preocupa cientistas, indicando que extremos de calor e irregularidade nas chuvas ainda devem ser enfrentados nos pr\u00f3ximos anos.<\/p>\n<p>Para o agro, o cen\u00e1rio exige aten\u00e7\u00e3o. O aumento da temperatura e a irregularidade das chuvas podem impactar safras futuras. \u201cO caminho para o futuro \u00e9 investir em sustentabilidade e tecnologia no campo\u201d, alerta M\u00fcller.<\/p>\n<p>O fen\u00f4meno refor\u00e7a a import\u00e2ncia de pol\u00edticas clim\u00e1ticas e a\u00e7\u00f5es individuais para conter o aquecimento global, como preconiza o Acordo de Paris.<\/p>\n<\/p><\/div>\n<p><br \/>\n<br \/><a href=\"https:\/\/www.canalrural.com.br\/network\/em-setembro-temperatura-media-do-mundo-foi-a-terceira-mais-quente-da-historia\/\">Source link <\/a><\/p>\n","protected":false},"excerpt":{"rendered":"<p>Dados do relat\u00f3rio do Copernicus mostram que setembro de 2025 registrou a terceira maior temperatura m\u00e9dia global da hist\u00f3ria, com<\/p>\n","protected":false},"author":1,"featured_media":12075,"comment_status":"open","ping_status":"open","sticky":false,"template":"","format":"standard","meta":{"_monsterinsights_skip_tracking":false,"_monsterinsights_sitenote_active":false,"_monsterinsights_sitenote_note":"","_monsterinsights_sitenote_category":0,"_uf_show_specific_survey":0,"_uf_disable_surveys":false,"footnotes":""},"categories":[1],"tags":[],"class_list":["post-22131","post","type-post","status-publish","format-standard","has-post-thumbnail","hentry","category-news"],"_links":{"self":[{"href":"https:\/\/agromt.news\/index.php?rest_route=\/wp\/v2\/posts\/22131"}],"collection":[{"href":"https:\/\/agromt.news\/index.php?rest_route=\/wp\/v2\/posts"}],"about":[{"href":"https:\/\/agromt.news\/index.php?rest_route=\/wp\/v2\/types\/post"}],"author":[{"embeddable":true,"href":"https:\/\/agromt.news\/index.php?rest_route=\/wp\/v2\/users\/1"}],"replies":[{"embeddable":true,"href":"https:\/\/agromt.news\/index.php?rest_route=%2Fwp%2Fv2%2Fcomments&post=22131"}],"version-history":[{"count":0,"href":"https:\/\/agromt.news\/index.php?rest_route=\/wp\/v2\/posts\/22131\/revisions"}],"wp:featuredmedia":[{"embeddable":true,"href":"https:\/\/agromt.news\/index.php?rest_route=\/wp\/v2\/media\/12075"}],"wp:attachment":[{"href":"https:\/\/agromt.news\/index.php?rest_route=%2Fwp%2Fv2%2Fmedia&parent=22131"}],"wp:term":[{"taxonomy":"category","embeddable":true,"href":"https:\/\/agromt.news\/index.php?rest_route=%2Fwp%2Fv2%2Fcategories&post=22131"},{"taxonomy":"post_tag","embeddable":true,"href":"https:\/\/agromt.news\/index.php?rest_route=%2Fwp%2Fv2%2Ftags&post=22131"}],"curies":[{"name":"wp","href":"https:\/\/api.w.org\/{rel}","templated":true}]}}