{"id":22127,"date":"2025-10-14T19:55:27","date_gmt":"2025-10-14T23:55:27","guid":{"rendered":"https:\/\/agromt.news\/?p=22127"},"modified":"2025-10-14T19:55:27","modified_gmt":"2025-10-14T23:55:27","slug":"efapi-expoe-potencia-economica-e-cultural-de-sc","status":"publish","type":"post","link":"https:\/\/agromt.news\/?p=22127","title":{"rendered":"Efapi exp\u00f5e pot\u00eancia econ\u00f4mica e cultural de SC"},"content":{"rendered":"<p> <br \/>\n<br \/><img decoding=\"async\" src=\"https:\/\/agromt.news\/wp-content\/uploads\/2025\/10\/Efapi-expoe-potencia-economica-e-cultural-de-SC.webp.webp\" \/><\/p>\n<div>\n<p>A Efapi do Brasil 2025, em Chapec\u00f3, Santa Catarina, espera um p\u00fablico de 500 mil pessoas de 10 a 19 de outubro. A organizadora da feira multissetorial, a prefeitura da cidade, estima movimentar R$ 800 milh\u00f5es em neg\u00f3cios fechados e prospectados.<\/p>\n<p>O evento tamb\u00e9m registrou um crescimento de expositores de 25% este ano, totalizando 625 unidades em 45 mil metros quadrados. Entre as atra\u00e7\u00f5es est\u00e3o o Sal\u00e3o do Im\u00f3vel, Sal\u00e3o do Autom\u00f3vel, Feira do Com\u00e9rcio, Artesanato, Exposi\u00e7\u00e3o de M\u00e1quinas Pesadas e M\u00e1quinas Agr\u00edcolas, Parque de Divers\u00f5es, Rodeio Country, Exposi\u00e7\u00e3o Nacional da Ra\u00e7a Angus, Etapa Nacional do Gado Jersey, Etapa Nacional do Gado Holand\u00eas, Pavilh\u00e3o da Piscicultura e 22 shows musicais nacionais. \u00a0<\/p>\n<p>Autoridades locais, estaduais e nacionais prestigiaram a abertura da Efapi do Brasil, realizada no dia 10 de outubro. Na ocasi\u00e3o o prefeito de Chapec\u00f3, Jo\u00e3o Rodrigues, lembrou dos pioneiros que criaram a Efapi, entre eles Valmor Lunardi, que d\u00e1 nome ao Parque de Exposi\u00e7\u00f5es. \u201cNunca deixem de sonhar e empreender. Este parque foi sonhado pelos pioneiros. Eles e muitos que nos sucederam ajudaram a transformar essa cidade na capital do turismo de neg\u00f3cios. Tivemos um crescimento de 130% no turismo no \u00faltimo ano. Somos o maior polo mundial da ind\u00fastria da transforma\u00e7\u00e3o. Mesmo com dificuldades em log\u00edstica, como da BR-282, exportamos para o mundo. Aqui geramos emprego que atraem migrantes e imigrantes\u201d, disse Rodrigues.<\/p>\n<p>O presidente da Aurora, Neivor Canton, falou em nome dos patrocinadores. \u201cA Efapi tornou-se um patrim\u00f4nio imaterial de Chapec\u00f3 e regi\u00e3o. Ela exibe nossas potencialidades e cultura. Em seu car\u00e1ter multissetorial permite a integra\u00e7\u00e3o de v\u00e1rios atores da economia. Ela \u00e9 refer\u00eancia para o Brasil e pa\u00edses do Mercosul\u201d, disse Canton.<br \/>O presidente da Assembleia Legislativa, J\u00falio Garcia, falou em nome do legislativo estadual: \u201cO Oeste \u00e9 muito bem representado. E se somos um estado desenvolvimento devemos muito ao Oeste se Santa Catarina. \u00c9 um momento de reconhecer tudo o que o Oeste representa para o nosso estado\u201d, disse Garcia. Tamb\u00e9m esteve presente o governador do estado, Jorginho Mello, entre outras autoridades.<\/p>\n<pre class=\"wp-block-preformatted\"><em><strong>Servi\u00e7o: <\/strong><br\/>Efapi do Brasil 2025<br\/>Parque de Exposi\u00e7\u00f5es Valmor Ernesto Lunardi - Chapec\u00f3 \u2013 SC <br\/>10 a 19 de outubro<\/em><br\/><\/pre>\n<\/p><\/div>\n<p><br \/>\n<br \/><a href=\"https:\/\/www.canalrural.com.br\/agricultura\/efapi-expoe-potencia-economica-e-cultural-de-sc\/\">Source link <\/a><\/p>\n","protected":false},"excerpt":{"rendered":"<p>A Efapi do Brasil 2025, em Chapec\u00f3, Santa Catarina, espera um p\u00fablico de 500 mil pessoas de 10 a 19<\/p>\n","protected":false},"author":1,"featured_media":22128,"comment_status":"open","ping_status":"open","sticky":false,"template":"","format":"standard","meta":{"_monsterinsights_skip_tracking":false,"_monsterinsights_sitenote_active":false,"_monsterinsights_sitenote_note":"","_monsterinsights_sitenote_category":0,"_uf_show_specific_survey":0,"_uf_disable_surveys":false,"footnotes":""},"categories":[1],"tags":[],"class_list":["post-22127","post","type-post","status-publish","format-standard","has-post-thumbnail","hentry","category-news"],"_links":{"self":[{"href":"https:\/\/agromt.news\/index.php?rest_route=\/wp\/v2\/posts\/22127"}],"collection":[{"href":"https:\/\/agromt.news\/index.php?rest_route=\/wp\/v2\/posts"}],"about":[{"href":"https:\/\/agromt.news\/index.php?rest_route=\/wp\/v2\/types\/post"}],"author":[{"embeddable":true,"href":"https:\/\/agromt.news\/index.php?rest_route=\/wp\/v2\/users\/1"}],"replies":[{"embeddable":true,"href":"https:\/\/agromt.news\/index.php?rest_route=%2Fwp%2Fv2%2Fcomments&post=22127"}],"version-history":[{"count":0,"href":"https:\/\/agromt.news\/index.php?rest_route=\/wp\/v2\/posts\/22127\/revisions"}],"wp:featuredmedia":[{"embeddable":true,"href":"https:\/\/agromt.news\/index.php?rest_route=\/wp\/v2\/media\/22128"}],"wp:attachment":[{"href":"https:\/\/agromt.news\/index.php?rest_route=%2Fwp%2Fv2%2Fmedia&parent=22127"}],"wp:term":[{"taxonomy":"category","embeddable":true,"href":"https:\/\/agromt.news\/index.php?rest_route=%2Fwp%2Fv2%2Fcategories&post=22127"},{"taxonomy":"post_tag","embeddable":true,"href":"https:\/\/agromt.news\/index.php?rest_route=%2Fwp%2Fv2%2Ftags&post=22127"}],"curies":[{"name":"wp","href":"https:\/\/api.w.org\/{rel}","templated":true}]}}