{"id":22117,"date":"2025-10-14T18:22:34","date_gmt":"2025-10-14T22:22:34","guid":{"rendered":"https:\/\/agromt.news\/?p=22117"},"modified":"2025-10-14T18:22:34","modified_gmt":"2025-10-14T22:22:34","slug":"congresso-de-agronomia-produtividade-com-sustentabilidade","status":"publish","type":"post","link":"https:\/\/agromt.news\/?p=22117","title":{"rendered":"Congresso de Agronomia: produtividade com sustentabilidade"},"content":{"rendered":"<p> <br \/>\n<br \/><img decoding=\"async\" src=\"https:\/\/agromt.news\/wp-content\/uploads\/2025\/10\/Congresso-de-Agronomia-produtividade-com-sustentabilidade.jpeg\" \/><\/p>\n<div>\n<p>A engenharia agr\u00f4noma e toda a cadeira produtiva do agro brasileiro volta o foco para Macei\u00f3, Alagoas, a partir deste dia 14 de outubro, para difundir conhecimento, inova\u00e7\u00e3o e experi\u00eancias que pretendem moldar o futuro da agronomia no Brasil. Em sua trig\u00e9sima quarta edi\u00e7\u00e3o, o Congresso Brasileiro de Agronomia \u2013 CBA 2025 \u2013 tem como tema Produtividade com Sustentabilidade.<\/p>\n<p>Confedera\u00e7\u00e3o dos Engenheiros Agr\u00f4nomos do Brasil (Confaeab), atrav\u00e9s da Sociedade dos Engenheiros Agr\u00f4nomos de Alagoas (Seagra) realiza o evento com 6 salas tem\u00e1ticas simult\u00e2neas, mais de 65 palestras e pain\u00e9is, mais de 300 trabalhos cient\u00edficos apresentados, 130 palestrantes especialistas entre eles, Roberto Rodrigues, ex-ministro da agricultura e embaixador da FAO para o cooperativismo, falando sobre o tema: O Engenheiro Agr\u00f4nomo do Futuro, e Aldo Rebelo, ex-ministro, que falar\u00e1 sobre \u201cA Import\u00e2ncia do Engenheiro Agr\u00f4nomo para a Seguran\u00e7a Alimentar\u201d.<\/p>\n<p>Entre os temas tamb\u00e9m figuram os debates, trabalhos e exposi\u00e7\u00f5es do evento a nanotecnologia e rob\u00f3tica para agricultura sustent\u00e1vel, startups e inova\u00e7\u00e3o no campo, agronomia como protagonista da transi\u00e7\u00e3o energ\u00e9tica, pol\u00edticas p\u00fablicas, e muito mais. \u00a0<\/p>\n<\/p><\/div>\n<p><br \/>\n<br \/><a href=\"https:\/\/www.canalrural.com.br\/agricultura\/congresso-de-agronomia-produtividade-com-sustentabilidade\/\">Source link <\/a><\/p>\n","protected":false},"excerpt":{"rendered":"<p>A engenharia agr\u00f4noma e toda a cadeira produtiva do agro brasileiro volta o foco para Macei\u00f3, Alagoas, a partir deste<\/p>\n","protected":false},"author":1,"featured_media":22118,"comment_status":"open","ping_status":"open","sticky":false,"template":"","format":"standard","meta":{"_monsterinsights_skip_tracking":false,"_monsterinsights_sitenote_active":false,"_monsterinsights_sitenote_note":"","_monsterinsights_sitenote_category":0,"_uf_show_specific_survey":0,"_uf_disable_surveys":false,"footnotes":""},"categories":[1],"tags":[],"class_list":["post-22117","post","type-post","status-publish","format-standard","has-post-thumbnail","hentry","category-news"],"_links":{"self":[{"href":"https:\/\/agromt.news\/index.php?rest_route=\/wp\/v2\/posts\/22117"}],"collection":[{"href":"https:\/\/agromt.news\/index.php?rest_route=\/wp\/v2\/posts"}],"about":[{"href":"https:\/\/agromt.news\/index.php?rest_route=\/wp\/v2\/types\/post"}],"author":[{"embeddable":true,"href":"https:\/\/agromt.news\/index.php?rest_route=\/wp\/v2\/users\/1"}],"replies":[{"embeddable":true,"href":"https:\/\/agromt.news\/index.php?rest_route=%2Fwp%2Fv2%2Fcomments&post=22117"}],"version-history":[{"count":0,"href":"https:\/\/agromt.news\/index.php?rest_route=\/wp\/v2\/posts\/22117\/revisions"}],"wp:featuredmedia":[{"embeddable":true,"href":"https:\/\/agromt.news\/index.php?rest_route=\/wp\/v2\/media\/22118"}],"wp:attachment":[{"href":"https:\/\/agromt.news\/index.php?rest_route=%2Fwp%2Fv2%2Fmedia&parent=22117"}],"wp:term":[{"taxonomy":"category","embeddable":true,"href":"https:\/\/agromt.news\/index.php?rest_route=%2Fwp%2Fv2%2Fcategories&post=22117"},{"taxonomy":"post_tag","embeddable":true,"href":"https:\/\/agromt.news\/index.php?rest_route=%2Fwp%2Fv2%2Ftags&post=22117"}],"curies":[{"name":"wp","href":"https:\/\/api.w.org\/{rel}","templated":true}]}}