{"id":22109,"date":"2025-10-14T17:21:24","date_gmt":"2025-10-14T21:21:24","guid":{"rendered":"https:\/\/agromt.news\/?p=22109"},"modified":"2025-10-14T17:21:24","modified_gmt":"2025-10-14T21:21:24","slug":"tremor-de-terra-e-sentido-por-moradores-do-oeste-da-bahia","status":"publish","type":"post","link":"https:\/\/agromt.news\/?p=22109","title":{"rendered":"Tremor de terra \u00e9 sentido por moradores do Oeste da Bahia"},"content":{"rendered":"<p> <br \/>\n<\/p>\n<div>\n<p>Um <strong>tremor de terra<\/strong> foi sentido por moradores de <strong>Lu\u00eds Eduardo Magalh\u00e3es<\/strong> na manh\u00e3 desta ter\u00e7a-feira (14). A informa\u00e7\u00e3o foi confirmada pelo Laborat\u00f3rio Sismol\u00f3gico da Universidade Federal do Rio Grande do Norte (UFRN), institui\u00e7\u00e3o respons\u00e1vel pela esta\u00e7\u00e3o que monitora a regi\u00e3o.<\/p>\n<p>Segundo a UFRN, as esta\u00e7\u00f5es sismogr\u00e1ficas, registraram um tremor de terra no territ\u00f3rio do munic\u00edpio de Barreiras (BA).<\/p>\n<p>A atividade ocorreu \u00e0s 13h14 UTC (10h04, no hor\u00e1rio de Bras\u00edlia) e teve magnitude preliminar de 3.9 Escala Richter (mR). <\/p>\n<figure class=\"wp-block-image size-full\"><img fetchpriority=\"high\" decoding=\"async\" width=\"850\" height=\"505\" alt=\"terremoto lu\u00eds eduardo magalh\u00e3es, oeste da Bahia, territ\u00f3rio de Barreiras\" class=\"wp-image-4130277\"  data-lazy- src=\"https:\/\/agromt.news\/wp-content\/uploads\/2025\/10\/Tremor-de-terra-e-sentido-por-moradores-do-Oeste-da.png\"\/><img decoding=\"async\" width=\"850\" height=\"505\" src=\"https:\/\/agromt.news\/wp-content\/uploads\/2025\/10\/Tremor-de-terra-e-sentido-por-moradores-do-Oeste-da.png\" alt=\"terremoto lu\u00eds eduardo magalh\u00e3es, oeste da Bahia, territ\u00f3rio de Barreiras\" class=\"wp-image-4130277\"  \/><figcaption class=\"wp-element-caption\">Imagem: Divulga\u00e7\u00e3o\/LabSis\/UFRN<\/figcaption><\/figure>\n<p>De acordo com relatos da popula\u00e7\u00e3o, o terremoto foi sentido por moradores da regi\u00e3o, incluindo o munic\u00edpio vizinho de Lu\u00eds Eduardo Magalh\u00e3es (LEM), por estar localizado mais pr\u00f3ximo ao epicentro do sismo.<\/p>\n<p>Al\u00e9m da regi\u00e3o central de LEM, h\u00e1 relatos na zona rural como no distrito de Novo Paran\u00e1. Imagens divulgadas nas redes sociais mostram pisos rachados e c\u00e2meras de seguran\u00e7a balan\u00e7ando.<\/p>\n<p>Por meio de nota, a Prefeitura de Lu\u00eds Eduardo Magalh\u00e3es informou que a Defesa Civil Municipal, ao tomar conhecimento do ocorrido, entrou em contato com os \u00f3rg\u00e3os respons\u00e1veis pelo monitoramento geol\u00f3gico, buscando informa\u00e7\u00f5es detalhadas e acompanhando as atualiza\u00e7\u00f5es oficiais sobre o evento.<\/p>\n<p>O \u00f3rg\u00e3o disse ainda que todas as informa\u00e7\u00f5es oficiais ser\u00e3o divulgadas pelos canais institucionais da Defesa Civil e pelos \u00f3rg\u00e3os competentes, garantindo transpar\u00eancia e seguran\u00e7a \u00e0 popula\u00e7\u00e3o. N\u00e3o houve notifica\u00e7\u00f5es de feridos.<\/p>\n<p><a href=\"https:\/\/labsis.ufrn.br\/noticias\/67713199\/tremor-e-registrado-no-estado-da-bahia-11-10-2025\">Recentemente, um evento s\u00edsmico foi registrado e divulgado<\/a> pelo LabSis\/UFRN no Norte estado da Bahia.<\/p>\n<p>No dia 11 de outubro, um sismo natural, com magnitude estimada em 1.9 mR, atingiu o munic\u00edpio de Jacobina, \u00e0s 11h04 UTC (08h04, no hor\u00e1rio de Bras\u00edlia).<\/p>\n<p>O Laborat\u00f3rio Sismol\u00f3gico da UFRN informou ainda que segue monitorando e divulgando toda atividade s\u00edsmica que ocorra no estado da Bahia e em toda regi\u00e3o Nordeste do pa\u00eds.<\/p>\n<hr class=\"wp-block-separator has-alpha-channel-opacity\"\/>\n<p><em>Voc\u00ea tamb\u00e9m pode participar deixando uma sugest\u00e3o de pauta. Siga o\u00a0<a href=\"https:\/\/www.instagram.com\/canalruralbahia\/\">Canal Rural Bahia no Instagram<\/a>\u00a0e nos envie uma mensagem.<\/em><\/p>\n<\/p><\/div>\n<p><script async src=\"\/\/www.instagram.com\/embed.js\"><\/script><br \/>\n<br \/><br \/>\n<br \/><a href=\"https:\/\/www.canalrural.com.br\/nacional\/bahia\/tremor-de-terra-e-sentido-por-moradores-do-oeste-da-bahia\/\">Source link <\/a><\/p>\n","protected":false},"excerpt":{"rendered":"<p>Um tremor de terra foi sentido por moradores de Lu\u00eds Eduardo Magalh\u00e3es na manh\u00e3 desta ter\u00e7a-feira (14). A informa\u00e7\u00e3o foi<\/p>\n","protected":false},"author":1,"featured_media":22110,"comment_status":"open","ping_status":"open","sticky":false,"template":"","format":"standard","meta":{"_monsterinsights_skip_tracking":false,"_monsterinsights_sitenote_active":false,"_monsterinsights_sitenote_note":"","_monsterinsights_sitenote_category":0,"_uf_show_specific_survey":0,"_uf_disable_surveys":false,"footnotes":""},"categories":[1],"tags":[],"class_list":["post-22109","post","type-post","status-publish","format-standard","has-post-thumbnail","hentry","category-news"],"_links":{"self":[{"href":"https:\/\/agromt.news\/index.php?rest_route=\/wp\/v2\/posts\/22109"}],"collection":[{"href":"https:\/\/agromt.news\/index.php?rest_route=\/wp\/v2\/posts"}],"about":[{"href":"https:\/\/agromt.news\/index.php?rest_route=\/wp\/v2\/types\/post"}],"author":[{"embeddable":true,"href":"https:\/\/agromt.news\/index.php?rest_route=\/wp\/v2\/users\/1"}],"replies":[{"embeddable":true,"href":"https:\/\/agromt.news\/index.php?rest_route=%2Fwp%2Fv2%2Fcomments&post=22109"}],"version-history":[{"count":0,"href":"https:\/\/agromt.news\/index.php?rest_route=\/wp\/v2\/posts\/22109\/revisions"}],"wp:featuredmedia":[{"embeddable":true,"href":"https:\/\/agromt.news\/index.php?rest_route=\/wp\/v2\/media\/22110"}],"wp:attachment":[{"href":"https:\/\/agromt.news\/index.php?rest_route=%2Fwp%2Fv2%2Fmedia&parent=22109"}],"wp:term":[{"taxonomy":"category","embeddable":true,"href":"https:\/\/agromt.news\/index.php?rest_route=%2Fwp%2Fv2%2Fcategories&post=22109"},{"taxonomy":"post_tag","embeddable":true,"href":"https:\/\/agromt.news\/index.php?rest_route=%2Fwp%2Fv2%2Ftags&post=22109"}],"curies":[{"name":"wp","href":"https:\/\/api.w.org\/{rel}","templated":true}]}}