{"id":22108,"date":"2025-10-14T17:00:39","date_gmt":"2025-10-14T21:00:39","guid":{"rendered":"https:\/\/agromt.news\/?p=22108"},"modified":"2025-10-14T17:00:39","modified_gmt":"2025-10-14T21:00:39","slug":"venda-da-pluma-da-safra-2024-25-em-mt-atinge-70-aponta-imea","status":"publish","type":"post","link":"https:\/\/agromt.news\/?p=22108","title":{"rendered":"venda da pluma da safra 2024\/25 em MT atinge 70%, aponta Imea"},"content":{"rendered":"<p> <br \/>\n<br \/><img decoding=\"async\" src=\"https:\/\/agromt.news\/wp-content\/uploads\/2025\/09\/Exportacao-do-algodao-supera-a-vantagem-do-mercado-interno.jpg\" \/><\/p>\n<div>\n<p>De acordo com os dados divulgados pelo Instituto Mato-Grossense de Economia Agropecu\u00e1ria (<a href=\"https:\/\/www.imea.com.br\/imea-site\/\">Imea<\/a>), a <a href=\"https:\/\/www.canalrural.com.br\/?s=comercializa%C3%A7%C3%A3o+de+algod%C3%A3o\">comercializa\u00e7\u00e3o<\/a> da pluma de algod\u00e3o safra 24\/25, em Mato Grosso, alcan\u00e7ou 69,97% da produ\u00e7\u00e3o at\u00e9 o fim de setembro. Os n\u00fameros representam um avan\u00e7o de 1,58 ponto percentual em rela\u00e7\u00e3o a agosto, embora ainda estejam 6,72 pontos abaixo do mesmo per\u00edodo do ciclo 2023\/24, quando o n\u00famero era de 76,69%.<\/p>\n<ul>\n<li><em>Veja tudo em primeira m\u00e3o tudo sobre agricultura, pecu\u00e1ria, economia, e previs\u00e3o do tempo: siga o Canal Rural no <strong><a href=\"https:\/\/news.google.com\/publications\/CAAqLQgKIidDQklTRndnTWFoTUtFV05oYm1Gc2NuVnlZV3d1WTI5dExtSnlLQUFQAQ?hl=pt-BR&amp;gl=BR&amp;ceid=BR:pt-419\">Google News!<\/a><\/strong><\/em><\/li>\n<\/ul>\n<h3>Vendas antecipadas<\/h3>\n<p>As vendas antecipadas da safra 2025\/26 atingiram 31,90% da produ\u00e7\u00e3o projetada, incremento mensal de 4,64 pontos percentuais, mas ainda 0,68 ponto abaixo de setembro de 2024. O norte lidera as negocia\u00e7\u00f5es da safra futura com 41,57% vendidos, seguido por nordeste (32,54%), m\u00e9dio-norte (30,97%), centro-sul (26,82%), oeste (24,59%), noroeste (20,41%) e sudeste (19,09%).<\/p>\n<h3>Caro\u00e7o de algod\u00e3o<\/h3>\n<p>No caro\u00e7o de algod\u00e3o, a safra 2024\/25 registra 67,48% de comercializa\u00e7\u00e3o, alta de 4,17 pontos no m\u00eas, mas ainda 6,61 pontos atr\u00e1s do ritmo de setembro de 2023. O norte tamb\u00e9m lidera com 69,41% vendidos, seguido por m\u00e9dio-norte (69,51%), oeste (68,62%), nordeste (61,90%), centro-sul (60,78%), noroeste (56,76%) e sudeste (43,94%). Para a safra 2025\/26, o caro\u00e7o tem 21,11% j\u00e1 comercializados.<\/p>\n<\/p><\/div>\n<p><br \/>\n<br \/><a href=\"https:\/\/www.canalrural.com.br\/agricultura\/algodao\/algodao-venda-da-pluma-da-safra-2024-25-em-mt-atinge-70-afirma-imea\/\">Source link <\/a><\/p>\n","protected":false},"excerpt":{"rendered":"<p>De acordo com os dados divulgados pelo Instituto Mato-Grossense de Economia Agropecu\u00e1ria (Imea), a comercializa\u00e7\u00e3o da pluma de algod\u00e3o safra<\/p>\n","protected":false},"author":1,"featured_media":20763,"comment_status":"open","ping_status":"open","sticky":false,"template":"","format":"standard","meta":{"_monsterinsights_skip_tracking":false,"_monsterinsights_sitenote_active":false,"_monsterinsights_sitenote_note":"","_monsterinsights_sitenote_category":0,"_uf_show_specific_survey":0,"_uf_disable_surveys":false,"footnotes":""},"categories":[1],"tags":[],"class_list":["post-22108","post","type-post","status-publish","format-standard","has-post-thumbnail","hentry","category-news"],"_links":{"self":[{"href":"https:\/\/agromt.news\/index.php?rest_route=\/wp\/v2\/posts\/22108"}],"collection":[{"href":"https:\/\/agromt.news\/index.php?rest_route=\/wp\/v2\/posts"}],"about":[{"href":"https:\/\/agromt.news\/index.php?rest_route=\/wp\/v2\/types\/post"}],"author":[{"embeddable":true,"href":"https:\/\/agromt.news\/index.php?rest_route=\/wp\/v2\/users\/1"}],"replies":[{"embeddable":true,"href":"https:\/\/agromt.news\/index.php?rest_route=%2Fwp%2Fv2%2Fcomments&post=22108"}],"version-history":[{"count":0,"href":"https:\/\/agromt.news\/index.php?rest_route=\/wp\/v2\/posts\/22108\/revisions"}],"wp:featuredmedia":[{"embeddable":true,"href":"https:\/\/agromt.news\/index.php?rest_route=\/wp\/v2\/media\/20763"}],"wp:attachment":[{"href":"https:\/\/agromt.news\/index.php?rest_route=%2Fwp%2Fv2%2Fmedia&parent=22108"}],"wp:term":[{"taxonomy":"category","embeddable":true,"href":"https:\/\/agromt.news\/index.php?rest_route=%2Fwp%2Fv2%2Fcategories&post=22108"},{"taxonomy":"post_tag","embeddable":true,"href":"https:\/\/agromt.news\/index.php?rest_route=%2Fwp%2Fv2%2Ftags&post=22108"}],"curies":[{"name":"wp","href":"https:\/\/api.w.org\/{rel}","templated":true}]}}