{"id":22058,"date":"2025-10-14T04:21:03","date_gmt":"2025-10-14T08:21:03","guid":{"rendered":"https:\/\/agromt.news\/?p=22058"},"modified":"2025-10-14T04:21:03","modified_gmt":"2025-10-14T08:21:03","slug":"conab-reforca-compromisso-com-agricultura-familiar-e-economia-solidaria-na-31a-feicoop","status":"publish","type":"post","link":"https:\/\/agromt.news\/?p=22058","title":{"rendered":"Conab refor\u00e7a compromisso com agricultura familiar e economia solid\u00e1ria na 31\u00aa FEICOOP"},"content":{"rendered":"<p> <br \/>\n<\/p>\n<div>\n<p style=\"text-align:justify\">Entre a sexta-feira (10) e o domingo (12) passados, a Companhia Nacional de Abastecimento (Conab), participou da 31\u00aa Feira Internacional do Cooperativismo e da Economia Solid\u00e1ria (FEICOOP), no Centro de Refer\u00eancia de Economia Solid\u00e1ria Dom Ivo Lorscheiter, em Santa Maria (RS). A abertura do evento contou com a participa\u00e7\u00e3o do presidente da estatal, Edegar Pretto.&#13;\n<\/p>\n<p style=\"text-align:justify\">Durante a abertura oficial, o presidente da Companhia Nacional de Abastecimento (Conab), Edegar Pretto, destacou a retomada do papel estrat\u00e9gico da Companhia em pol\u00edticas p\u00fablicas como o Programa de Aquisi\u00e7\u00e3o de Alimentos (PAA), que beneficia diretamente agricultores familiares, assentados da reforma agr\u00e1ria, povos ind\u00edgenas e comunidades quilombolas.<\/p>\n<p style=\"text-align:justify\">\u201cQuando fui convidado para ser presidente da maior Companhia de Abastecimento da Am\u00e9rica Latina, foi me dada duas tarefas: a primeira delas \u00e9 fazer a Conab forte outra vez, fazer diferen\u00e7a na vida das pessoas. E a segunda \u00e9 que a Conab passasse novamente a ser um dos instrumentos para erradicar a fome no Brasil. O PAA voltou e n\u00f3s estamos operacionalizando milh\u00f5es de reais comprando comida da agricultura familiar e esses alimentos chegando simultaneamente na mesa de quem passa necessidade\u201d, ressaltou.<\/p>\n<p style=\"text-align:justify\">O presidente da Conab tamb\u00e9m enfatizou a import\u00e2ncia da participa\u00e7\u00e3o feminina no programa. Segundo ele, mulheres t\u00eam papel central no combate \u00e0 fome e devem ser prioridade nas pol\u00edticas p\u00fablicas.<\/p>\n<p style=\"text-align:justify\">\u201cN\u00f3s estabelecemos na Conab que cada cooperativa, cada associa\u00e7\u00e3o que apresenta um projeto para o PAA para vender comida, tem que ter no m\u00ednimo 50% de participa\u00e7\u00e3o das mulheres. Hoje, 80% da comida que o PAA compra, que a Conab adquire s\u00e3o de mulheres trabalhadoras rurais. O protagonismo da erradica\u00e7\u00e3o da fome tamb\u00e9m passa pelas m\u00e3os das mulheres agricultoras brasileiras\u201d, complementou.<\/p>\n<p style=\"text-align:justify\">Sob o lema \u201cConstruindo a Ecologia Integral frente \u00e0s Emerg\u00eancias Clim\u00e1ticas\u201d, o Feir\u00e3o Colonial, como tradicionalmente tamb\u00e9m \u00e9 conhecida a maior feira de cooperativismo e economia solid\u00e1ria da Am\u00e9rica Latina, debateu a possibilidade da constru\u00e7\u00e3o de um novo mundo a partir de um novo modelo econ\u00f4mico colaborativo. Al\u00e9m disso, o p\u00fablico teve acesso \u00e0 uma variedade de produtos, e tamb\u00e9m p\u00f4de participar de cerca de 80 atividades, entre programa\u00e7\u00f5es culturais, semin\u00e1rios, rodas de conversa, oficinas, confer\u00eancias e pain\u00e9is sobre temas sociais e ambientais.&#13;\n<\/p>\n<p style=\"text-align:justify\">Em um estande no corredor principal da feira, a Conab participou divulgando, orientando e esclarecendo d\u00favidas sobre as principais pol\u00edticas p\u00fablicas operacionalizadas pela Companhia, como o Programa de Aquisi\u00e7\u00e3o de Alimentos (PAA) e o Programa de Venda em Balc\u00e3o (ProVB), assim como evidenciar a atua\u00e7\u00e3o da Conab junto aos agricultores, cooperativas e associa\u00e7\u00f5es do Rio Grande do Sul, estado de grande relev\u00e2ncia para a pol\u00edtica agr\u00edcola nacional, ampliando a efetividade da a\u00e7\u00e3o governamental.<\/p>\n<p style=\"text-align:justify\">Com essa iniciativa, al\u00e9m de refor\u00e7ar o compromisso da estatal com a soberania e seguran\u00e7a alimentar e nutricional, o abastecimento e a promo\u00e7\u00e3o da agricultura familiar, a companhia tamb\u00e9m fortalece o apoio \u00e0 produ\u00e7\u00e3o sustent\u00e1vel e solid\u00e1ria, ao pequeno produtor rural e \u00e0 organiza\u00e7\u00e3o social no campo.<\/p>\n<p style=\"text-align:justify\">Em um momento em que os impactos das mudan\u00e7as clim\u00e1ticas est\u00e3o no centro da discuss\u00e3o em todo o mundo, a FEICOOP se prop\u00f5em como espa\u00e7o de partilha e constru\u00e7\u00e3o coletiva de alternativas sustent\u00e1veis, valorizando a diversidade dos povos, das culturas, dos saberes e das pr\u00e1ticas que colocam a vida no centro.<\/p>\n<p style=\"text-align:justify\">Com a presen\u00e7a de feirantes, visitantes e parceiros, o evento configura-se como espa\u00e7o estrat\u00e9gico para fortalecimento de parcerias, promo\u00e7\u00e3o da agricultura familiar, bem como para a divulga\u00e7\u00e3o de a\u00e7\u00f5es e programas governamentais voltados ao abastecimento alimentar, atrav\u00e9s de semin\u00e1rios, oficinas e palestras tem\u00e1ticas.&#13;\n<\/p>\n<p style=\"text-align:justify\">A FEICOOP \u00e9 um evento internacional consolidado, refer\u00eancia em Economia Solid\u00e1ria no Brasil, que re\u00fane delega\u00e7\u00f5es de empreendimentos de diversos estados e de pa\u00edses da Am\u00e9rica Latina. A edi\u00e7\u00e3o de 2025 contou com aproximadamente 550 expositores das regi\u00f5es Sul e Sudeste do pa\u00eds, al\u00e9m de representantes da Argentina, Uruguai e Paraguai, e atraiu cerca de 100 mil visitantes, a fim de solidificar a economia solid\u00e1ria, aproximar campo e cidade e contribuir para o debate e a consolida\u00e7\u00e3o de pol\u00edticas p\u00fablicas voltadas ao cooperativismo.<\/p>\n<p style=\"text-align:justify\">Desde 1994, Santa Maria sedia a Feicoop e \u00e9 reconhecida como Capital Mundial da Economia Solid\u00e1ria e do Cooperativismo Autogestion\u00e1rio. O evento se consolidou como espa\u00e7o internacional de articula\u00e7\u00e3o, integra\u00e7\u00e3o e a\u00e7\u00e3o coletiva, reunindo empreendimentos de economia solid\u00e1ria, agroind\u00fastrias, catadores, povos ind\u00edgenas, quilombolas, artes\u00e3os, floricultores e trabalhadores rurais e urbanos.<\/p>\n<p style=\"text-align:justify\">\u00a0<\/p>\n<\/p><\/div>\n<p><script data-cfasync=\"false\">\n    !function (f, b, e, v, n, t, s) {\n        if (f.fbq) return; n = f.fbq = function () {\n            n.callMethod ?\n                n.callMethod.apply(n, arguments) : n.queue.push(arguments)\n        };\n        if (!f._fbq) f._fbq = n; n.push = n; n.loaded = !0; n.version = '2.0';\n        n.queue = []; t = b.createElement(e); t.async = !0;\n        t.src = v; s = b.getElementsByTagName(e)[0];\n        s.parentNode.insertBefore(t, s)\n    }(window, document, 'script',\n        'https:\/\/connect.facebook.net\/en_US\/fbevents.js');\n    fbq('init', '522546078623747');\n    fbq('track', 'PageView');\n<\/script><br \/>\n<br \/><br \/>\n<br \/><a href=\"https:\/\/www.agrolink.com.br\/noticias\/conab-reforca-compromisso-com-agricultura-familiar-e-economia-solidaria-na-31--feicoop_506898.html\">Source link <\/a><\/p>\n","protected":false},"excerpt":{"rendered":"<p>Entre a sexta-feira (10) e o domingo (12) passados, a Companhia Nacional de Abastecimento (Conab), participou da 31\u00aa Feira Internacional<\/p>\n","protected":false},"author":1,"featured_media":22059,"comment_status":"open","ping_status":"open","sticky":false,"template":"","format":"standard","meta":{"_monsterinsights_skip_tracking":false,"_monsterinsights_sitenote_active":false,"_monsterinsights_sitenote_note":"","_monsterinsights_sitenote_category":0,"_uf_show_specific_survey":0,"_uf_disable_surveys":false,"footnotes":""},"categories":[8,1,14],"tags":[],"class_list":["post-22058","post","type-post","status-publish","format-standard","has-post-thumbnail","hentry","category-agro","category-news","category-politica-agro"],"_links":{"self":[{"href":"https:\/\/agromt.news\/index.php?rest_route=\/wp\/v2\/posts\/22058"}],"collection":[{"href":"https:\/\/agromt.news\/index.php?rest_route=\/wp\/v2\/posts"}],"about":[{"href":"https:\/\/agromt.news\/index.php?rest_route=\/wp\/v2\/types\/post"}],"author":[{"embeddable":true,"href":"https:\/\/agromt.news\/index.php?rest_route=\/wp\/v2\/users\/1"}],"replies":[{"embeddable":true,"href":"https:\/\/agromt.news\/index.php?rest_route=%2Fwp%2Fv2%2Fcomments&post=22058"}],"version-history":[{"count":0,"href":"https:\/\/agromt.news\/index.php?rest_route=\/wp\/v2\/posts\/22058\/revisions"}],"wp:featuredmedia":[{"embeddable":true,"href":"https:\/\/agromt.news\/index.php?rest_route=\/wp\/v2\/media\/22059"}],"wp:attachment":[{"href":"https:\/\/agromt.news\/index.php?rest_route=%2Fwp%2Fv2%2Fmedia&parent=22058"}],"wp:term":[{"taxonomy":"category","embeddable":true,"href":"https:\/\/agromt.news\/index.php?rest_route=%2Fwp%2Fv2%2Fcategories&post=22058"},{"taxonomy":"post_tag","embeddable":true,"href":"https:\/\/agromt.news\/index.php?rest_route=%2Fwp%2Fv2%2Ftags&post=22058"}],"curies":[{"name":"wp","href":"https:\/\/api.w.org\/{rel}","templated":true}]}}