{"id":22057,"date":"2025-10-14T02:22:59","date_gmt":"2025-10-14T06:22:59","guid":{"rendered":"https:\/\/agromt.news\/?p=22057"},"modified":"2025-10-14T02:22:59","modified_gmt":"2025-10-14T06:22:59","slug":"estrategia-do-inta-contra-carrapato-bovino","status":"publish","type":"post","link":"https:\/\/agromt.news\/?p=22057","title":{"rendered":"estrategia do INTA contra carrapato bovino"},"content":{"rendered":"<p> <br \/>\n<\/p>\n<div>\n<p style=\"text-align:justify\">Diante de um contexto em que a efici\u00eancia produtiva e a sanidade animal s\u00e3o determinantes para a competitividade do setor, os especialistas do INTA Colonia Ben\u00edtez \u2013 Chaco \u2013 prop\u00f5em o controle integrado, que combina o manejo sanit\u00e1rio, ambiental e gen\u00e9tico. Trata-se de uma ferramenta eficaz para proteger a sa\u00fade dos rebanhos e aumentar a produ\u00e7\u00e3o de carne no norte da Argentina.&#13;\n<\/p>\n<p style=\"text-align:justify\">Para reduzir perdas, aumentar a produ\u00e7\u00e3o e fortalecer a competitividade, os especialistas do INTA sugerem integrar esses tr\u00eas tipos de manejo. Uma pesquisa recente do INTA Colonia Ben\u00edtez (Chaco) confirmou a efic\u00e1cia dessa estrat\u00e9gia, que permite ganhos de peso entre 18 e 42 quilos de carne por animal ao ano. Este trabalho ser\u00e1 um dos temas apresentados na 2\u00aa Jornada Pecu\u00e1ria, que acontecer\u00e1 em Chaco no dia 15 de outubro.<\/p>\n<p style=\"text-align:justify\">Segundo explicou Victoria Rossner, pesquisadora do INTA Colonia Ben\u00edtez, \u201co carrapato \u00e9 um parasita que representa uma grande limita\u00e7\u00e3o \u00e0 produtividade pecu\u00e1ria em regi\u00f5es tropicais e subtropicais do mundo, causando severas perdas econ\u00f4micas no pa\u00eds\u201d.<\/p>\n<p style=\"text-align:justify\">Ela detalhou que essa parasitose ocorre em \u00e1reas ao norte do paralelo 31, onde as condi\u00e7\u00f5es de clima quente e \u00famido s\u00e3o ideais para seu desenvolvimento. O impacto direto na pecu\u00e1ria, segundo Rossner, \u201cse traduz em menor ganho de peso, desvaloriza\u00e7\u00e3o do couro devido a les\u00f5es e mi\u00edases, al\u00e9m da transmiss\u00e3o de doen\u00e7as\u201d.&#13;\n<\/p>\n<p style=\"text-align:justify\">Para enfrentar o problema, o INTA prop\u00f5e um manejo integrado que combina diferentes t\u00e9cnicas, reduzindo a depend\u00eancia exclusiva de produtos qu\u00edmicos e retardando a resist\u00eancia dos carrapatos aos acaricidas.<\/p>\n<p style=\"text-align:justify\">O controle integrado foi avaliado com resultados promissores: \u201cEm estudos com bovinos em crescimento, de 12 a 24 meses, a diferen\u00e7a de peso ao aplicar protocolos de controle dessa parasitose pode variar de 18 a 42 quilos de peso vivo por ano\u201d, afirmou Rossner, destacando o impacto positivo da combina\u00e7\u00e3o simult\u00e2nea de duas ou mais t\u00e9cnicas \u2014 sendo que pelo menos uma delas n\u00e3o deve ser qu\u00edmica.<\/p>\n<p style=\"text-align:justify\">De acordo com a pesquisadora, existem tr\u00eas ferramentas com efic\u00e1cia comprovada:<\/p>\n<p style=\"text-align:justify\">O uso estrat\u00e9gico de acaricidas qu\u00edmicos, aplicados em momentos-chave conforme o ciclo de vida do parasita;<\/p>\n<p style=\"text-align:justify\">A rota\u00e7\u00e3o e o descanso de pastagens, que interrompem a presen\u00e7a de larvas no ambiente;<\/p>\n<p style=\"text-align:justify\">E o uso de biotipos bovinos resistentes, que naturalmente limitam a infesta\u00e7\u00e3o.<\/p>\n<p style=\"text-align:justify\">\u201cOs esquemas de controle estrat\u00e9gico fazem parte de um programa de m\u00e9dio e longo prazo, concentrando um n\u00famero m\u00ednimo de tratamentos em \u00e9pocas espec\u00edficas do ano \u2014 como na sa\u00edda do inverno \u2014 para alcan\u00e7ar um efeito duradouro sobre as popula\u00e7\u00f5es de carrapatos\u201d, detalhou Rossner.<\/p>\n<p style=\"text-align:justify\">Ela tamb\u00e9m observou que pequenas varia\u00e7\u00f5es clim\u00e1ticas afetam microorganismos, vetores, reservat\u00f3rios e at\u00e9 seres humanos, podendo alterar a distribui\u00e7\u00e3o e incid\u00eancia de v\u00e1rias doen\u00e7as infecciosas, somando-se ainda \u00e0s mudan\u00e7as no uso do solo.<\/p>\n<p style=\"text-align:justify\">Por fim, a pesquisadora destacou que a implementa\u00e7\u00e3o dessas pr\u00e1ticas requer orienta\u00e7\u00e3o t\u00e9cnica especializada. \u201cOs produtores devem se manter atualizados e consultar veterin\u00e1rios com conhecimento tecnol\u00f3gico para orient\u00e1-los no manejo integrado\u201d, recomendou.&#13;\n<\/p>\n<\/p><\/div>\n<p><script data-cfasync=\"false\">\n    !function (f, b, e, v, n, t, s) {\n        if (f.fbq) return; n = f.fbq = function () {\n            n.callMethod ?\n                n.callMethod.apply(n, arguments) : n.queue.push(arguments)\n        };\n        if (!f._fbq) f._fbq = n; n.push = n; n.loaded = !0; n.version = '2.0';\n        n.queue = []; t = b.createElement(e); t.async = !0;\n        t.src = v; s = b.getElementsByTagName(e)[0];\n        s.parentNode.insertBefore(t, s)\n    }(window, document, 'script',\n        'https:\/\/connect.facebook.net\/en_US\/fbevents.js');\n    fbq('init', '522546078623747');\n    fbq('track', 'PageView');\n<\/script><br \/>\n<br \/><br \/>\n<br \/><a href=\"https:\/\/www.agrolink.com.br\/noticias\/control-integrado--la-estrategia-de-inta-contra-la-garrapata-bovina_506902.html\">Source link <\/a><\/p>\n","protected":false},"excerpt":{"rendered":"<p>Diante de um contexto em que a efici\u00eancia produtiva e a sanidade animal s\u00e3o determinantes para a competitividade do setor,<\/p>\n","protected":false},"author":1,"featured_media":5867,"comment_status":"open","ping_status":"open","sticky":false,"template":"","format":"standard","meta":{"_monsterinsights_skip_tracking":false,"_monsterinsights_sitenote_active":false,"_monsterinsights_sitenote_note":"","_monsterinsights_sitenote_category":0,"_uf_show_specific_survey":0,"_uf_disable_surveys":false,"footnotes":""},"categories":[8,1,14],"tags":[],"class_list":["post-22057","post","type-post","status-publish","format-standard","has-post-thumbnail","hentry","category-agro","category-news","category-politica-agro"],"_links":{"self":[{"href":"https:\/\/agromt.news\/index.php?rest_route=\/wp\/v2\/posts\/22057"}],"collection":[{"href":"https:\/\/agromt.news\/index.php?rest_route=\/wp\/v2\/posts"}],"about":[{"href":"https:\/\/agromt.news\/index.php?rest_route=\/wp\/v2\/types\/post"}],"author":[{"embeddable":true,"href":"https:\/\/agromt.news\/index.php?rest_route=\/wp\/v2\/users\/1"}],"replies":[{"embeddable":true,"href":"https:\/\/agromt.news\/index.php?rest_route=%2Fwp%2Fv2%2Fcomments&post=22057"}],"version-history":[{"count":0,"href":"https:\/\/agromt.news\/index.php?rest_route=\/wp\/v2\/posts\/22057\/revisions"}],"wp:featuredmedia":[{"embeddable":true,"href":"https:\/\/agromt.news\/index.php?rest_route=\/wp\/v2\/media\/5867"}],"wp:attachment":[{"href":"https:\/\/agromt.news\/index.php?rest_route=%2Fwp%2Fv2%2Fmedia&parent=22057"}],"wp:term":[{"taxonomy":"category","embeddable":true,"href":"https:\/\/agromt.news\/index.php?rest_route=%2Fwp%2Fv2%2Fcategories&post=22057"},{"taxonomy":"post_tag","embeddable":true,"href":"https:\/\/agromt.news\/index.php?rest_route=%2Fwp%2Fv2%2Ftags&post=22057"}],"curies":[{"name":"wp","href":"https:\/\/api.w.org\/{rel}","templated":true}]}}