{"id":22030,"date":"2025-10-13T17:18:18","date_gmt":"2025-10-13T21:18:18","guid":{"rendered":"https:\/\/agromt.news\/?p=22030"},"modified":"2025-10-13T17:18:18","modified_gmt":"2025-10-13T21:18:18","slug":"alckmin-marina-e-haddad-participam-da-abertura-da-pre-cop","status":"publish","type":"post","link":"https:\/\/agromt.news\/?p=22030","title":{"rendered":"Alckmin, Marina e Haddad participam da abertura da Pr\u00e9-COP"},"content":{"rendered":"<p> <br \/>\n<br \/><img decoding=\"async\" src=\"https:\/\/agromt.news\/wp-content\/uploads\/2025\/10\/Alckmin-Marina-e-Haddad-participam-da-abertura-da-Pre-COP.jpg\" \/><\/p>\n<div>\n<p>A Pr\u00e9-COP, evento preparat\u00f3rio para a <a href=\"https:\/\/www.canalrural.com.br\/cop30\/\">30\u00aa Confer\u00eancia das Na\u00e7\u00f5es Unidas sobre Mudan\u00e7as Clim\u00e1ticas (COP30)<\/a>, come\u00e7ou nesta segunda-feira (13) em Bras\u00edlia, com a participa\u00e7\u00e3o de negociadores de 67 pa\u00edses. Durante a cerim\u00f4nia de abertura, representantes dos quatros ciclos de lideran\u00e7a apresentaram contribui\u00e7\u00f5es para orientar os debates sobre os desafios da agenda clim\u00e1tica global.<\/p>\n<p>Ao abrir a rodada de discursos, o presidente em exerc\u00edcio, Gerado Alckmin, destacou a import\u00e2ncia do esfor\u00e7o entre os pa\u00edses para avan\u00e7ar a uma etapa de implementa\u00e7\u00e3o das a\u00e7\u00f5es clim\u00e1ticas.<\/p>\n<p>\u201cConvoco a todas e a todos a compartilharmos essa preocupa\u00e7\u00e3o ambiental e esse amor ao pr\u00f3ximo n\u00e3o apenas em nossos discursos, mas em a\u00e7\u00f5es concretas, em benef\u00edcio de toda a comunidade internacional e como legado para as gera\u00e7\u00f5es futuras\u201d.<\/p>\n<p>Alckmin tamb\u00e9m prop\u00f4s \u00e0s delega\u00e7\u00f5es que orientem seus esfor\u00e7os em torno de tr\u00eas objetivos centrais: o refor\u00e7o do multilateralismo, a conex\u00e3o do regime clim\u00e1tico \u00e0 vida real das pessoas e a acelera\u00e7\u00e3o da implementa\u00e7\u00e3o do Acordo de Paris.<\/p>\n<p>Al\u00e9m de Alckmin, o secret\u00e1rio executivo da Conven\u00e7\u00e3o do Clima (UNFCCC, na sigla em ingl\u00eas), Simon Stiell, refor\u00e7ou a necessidade de uni\u00e3o entre os pa\u00edses independentemente de posi\u00e7\u00f5es pol\u00edticas e das press\u00f5es espec\u00edficas, em benef\u00edcio comum da humanidade. \u201cA estrada para Bel\u00e9m \u00e9 curta, mas com vastas possibilidades. Ent\u00e3o, vamos fazer cada hora de trabalho contar\u201d, refor\u00e7ou.<\/p>\n<p>L\u00edderes dos c\u00edrculos de ministros das Finan\u00e7as, dos Povos, de Presidentes da COP e do Balan\u00e7o \u00c9tico Global tamb\u00e9m fizeram um balan\u00e7o na abertura da Pr\u00e9-COP sobre os avan\u00e7os nos debates ocorridos na etapa de mobiliza\u00e7\u00e3o. Os quatro c\u00edrculos s\u00e3o estruturas da arquitetura pensada pela presid\u00eancia da COP30 para dar suporte \u00e0s negocia\u00e7\u00f5es globais desde a etapa de mobiliza\u00e7\u00e3o at\u00e9 a confer\u00eancia, em novembro.<\/p>\n<h2 class=\"wp-block-heading\" id=\"h-governanca\">Governan\u00e7a<\/h2>\n<p>O l\u00edder do C\u00edrculo de Presidentes da COP, Laurent Fabius, trouxe um balan\u00e7o da etapa de mobiliza\u00e7\u00e3o ocorrida nas reuni\u00f5es entre os presidentes de COP desde a que criou o Acordo de Paris, em 2015. Com o objetivo de fortalecer a governan\u00e7a clim\u00e1tica global e buscar solu\u00e7\u00f5es para a implementa\u00e7\u00e3o do Acordo de Paris, o grupo apontou quatro caminhos a serem seguidos inspirados por palavras iniciadas com a letra \u2018i\u2019: inspira\u00e7\u00e3o, implementa\u00e7\u00e3o, inclus\u00e3o e inova\u00e7\u00e3o.<\/p>\n<p>De acordo Laurent Fabius, que presidiu a COP21 em Paris, a inspira\u00e7\u00e3o no Acordo de Paris conduzir\u00e1 a implementa\u00e7\u00e3o de Contribui\u00e7\u00f5es Nacionalmente Determinadas (NDCs na sigla em ingl\u00eas) da Miss\u00e3o 1.5, de n\u00e3o permitir o aumento do aquecimento global e do Balan\u00e7o Global (GST, na sigla em ingl\u00eas), de acordo com um planeta carbono zero.<\/p>\n<p>Para Fabius, tudo isso deve ocorrer de forma inclusiva com o aumento da participa\u00e7\u00e3o de ind\u00edgenas, afrodescendentes e povos tradicionais, miss\u00f5es religiosas, autoridades pol\u00edticas, setor empresarial e organiza\u00e7\u00f5es sociais. Tudo por meio de inova\u00e7\u00f5es. \u201c\u00c9 de grande import\u00e2ncia que a ci\u00eancia e a educa\u00e7\u00e3o trabalhem a favor da justi\u00e7a clim\u00e1tica e de forma a enfrentar a desinforma\u00e7\u00e3o\u201d, destacou.<\/p>\n<h2 class=\"wp-block-heading\" id=\"h-povos\">Povos<\/h2>\n<p>A ministra dos Povos Ind\u00edgenas, S\u00f4nia Guajajara, que tamb\u00e9m lidera o C\u00edrculo dos Povos da COP30, destacou o avan\u00e7o dos trabalhos nas duas comiss\u00f5es constitu\u00eddas para mobiliza\u00e7\u00e3o. Na comiss\u00e3o dos povos ind\u00edgenas, o principal avan\u00e7o ocorreu na inclus\u00e3o alcan\u00e7ada no processo de negocia\u00e7\u00e3o clim\u00e1tica.<\/p>\n<p>\u201cN\u00f3s, enquanto povos ind\u00edgenas, teremos a maior e melhor participa\u00e7\u00e3o da hist\u00f3ria das COPs na Zona Azul [onde ocorrem as negocia\u00e7\u00f5es] e uma expectativa de recebermos mais de 3 mil ind\u00edgenas na Aldeia COP, aumentando a participa\u00e7\u00e3o com refor\u00e7o das nossas mensagens centrais de reconhecimento dos territ\u00f3rios ind\u00edgenas como pol\u00edtica clim\u00e1tica e o financiamento direto, trazendo os povos ind\u00edgenas para o protagonismo das a\u00e7\u00f5es clim\u00e1ticas\u201d, diz.<\/p>\n<p>S\u00f4nia Guajajara tamb\u00e9m ressaltou que o c\u00edrculo avan\u00e7ou tamb\u00e9m nas atividades desempenhadas pela comiss\u00e3o de afrodescendentes, povos e comunidades tradicionais e agricultura familiar no sentido de aumentar o engajamento e participa\u00e7\u00e3o das comunidades tradicionais no regime clim\u00e1tico.<\/p>\n<h2 class=\"wp-block-heading\" id=\"h-financas\">Finan\u00e7as<\/h2>\n<p>O ministro da Fazenda, Fernando Haddad, l\u00edder do C\u00edrculo dos Ministros das Finan\u00e7as, destacou a continuidade dos debates acerca da amplia\u00e7\u00e3o do financiamento clim\u00e1tico nos pa\u00edses em desenvolvimento como um dos principais esfor\u00e7os do c\u00edrculo. Cinco prioridades foram apontadas pelos trabalhos desenvolvidos no grupo: aumento dos fluxos de financiamento e de fundos clim\u00e1ticos, reforma de bancos multilaterais de desenvolvimento, aumento da capacidade dom\u00e9stica de investimentos sustent\u00e1veis, inova\u00e7\u00f5es para mobilizar o setor privado e melhoria do marco regulat\u00f3rio do financiamento clim\u00e1tico global.<\/p>\n<p>De acordo com Haddad, algumas das iniciativas em resposta \u00e0s prioridades foram o lan\u00e7amento do Fundo Florestas Tropicais para Sempre, a cria\u00e7\u00e3o de uma coaliz\u00e3o aberta para integra\u00e7\u00e3o dos Mercados de Carbono e a sugest\u00e3o de uma supertaxonomia que re\u00fana de forma global as voca\u00e7\u00f5es regionais para orientar investimentos sustent\u00e1veis.<\/p>\n<p>Segundo o ministro da Fazenda, um relat\u00f3rio final ser\u00e1 apresentado nesta semana em Washington, durante os Encontros Anuais do Banco Mundial e do FMI. Posteriormente o relat\u00f3rio ser\u00e1 encaminhado com a Agenda de A\u00e7\u00e3o para debate em S\u00e3o Paulo, no m\u00eas de novembro.<\/p>\n<p>\u201cPor fim, o documento ser\u00e1 formalmente entregue ao Presidente da COP em Bel\u00e9m, como contribui\u00e7\u00e3o \u00e0 constru\u00e7\u00e3o do Mapa do Caminho de Baku a Bel\u00e9m para 1,3 trilh\u00e3o de d\u00f3lares\u201d, destaca.<\/p>\n<h2 class=\"wp-block-heading\" id=\"h-balanco-etico-global\">Balan\u00e7o \u00c9tico Global<\/h2>\n<p>A ministra do Meio Ambiente e Mudan\u00e7a do Clima e l\u00edder do Balan\u00e7o \u00c9tico Global \u2013 o quarto c\u00edrculo da COP30 \u2013 Marina Silva destacou que o c\u00edrculo de participa\u00e7\u00e3o social realizou seis di\u00e1logos regionais ocorridos em cada um dos continentes do mundo, al\u00e9m de 56 di\u00e1logos que alcan\u00e7aram 15 pa\u00edses de 20 nacionalidades, reunindo mais de 3,7 mil pessoas em torno de reflex\u00f5es \u00e9ticas sobre as decis\u00f5es pol\u00edticas e implementa\u00e7\u00f5es das a\u00e7\u00f5es clim\u00e1ticas.<\/p>\n<p>\u201cEle [o Balan\u00e7o \u00c9tico Global] amplia a agenda clim\u00e1tica para incorporar dimens\u00f5es culturais, raciais, intergeracionais e territoriais \u2014 reconhecendo que a transi\u00e7\u00e3o necess\u00e1ria \u00e9 tanto t\u00e9cnica quanto dos princ\u00edpios e valores humanos\u201d, destacou Marina Silva.<\/p>\n<p>Ap\u00f3s apresentar o resumo sobre os trabalhos do BEG, Marina Silva refor\u00e7ou a ideia de mutir\u00e3o lan\u00e7ada pela presid\u00eancia designada da COP30 como a ferramenta mais capaz de viabilizar a implementa\u00e7\u00e3o dos acordos j\u00e1 alcan\u00e7ados pelo multilateralismo clim\u00e1tico. <\/p>\n<p>\u201cQue o BEG e os demais c\u00edrculos de mobiliza\u00e7\u00e3o da COP30 possam contribuir para que ela [a COP30] entre para a hist\u00f3ria das COPs como a base fundante de um novo marco referencial. O marco referencial que ajudou a evitar os pontos de n\u00e3o retorno: tanto do clima quanto do multilateralismo clim\u00e1tico\u201d, conclui.<\/p>\n<\/p><\/div>\n<p><br \/>\n<br \/><a href=\"https:\/\/www.canalrural.com.br\/cop30\/alckmin-marina-e-haddad-participam-da-abertura-da-pre-cop\/\">Source link <\/a><\/p>\n","protected":false},"excerpt":{"rendered":"<p>A Pr\u00e9-COP, evento preparat\u00f3rio para a 30\u00aa Confer\u00eancia das Na\u00e7\u00f5es Unidas sobre Mudan\u00e7as Clim\u00e1ticas (COP30), come\u00e7ou nesta segunda-feira (13) em<\/p>\n","protected":false},"author":1,"featured_media":22031,"comment_status":"open","ping_status":"open","sticky":false,"template":"","format":"standard","meta":{"_monsterinsights_skip_tracking":false,"_monsterinsights_sitenote_active":false,"_monsterinsights_sitenote_note":"","_monsterinsights_sitenote_category":0,"_uf_show_specific_survey":0,"_uf_disable_surveys":false,"footnotes":""},"categories":[1],"tags":[],"class_list":["post-22030","post","type-post","status-publish","format-standard","has-post-thumbnail","hentry","category-news"],"_links":{"self":[{"href":"https:\/\/agromt.news\/index.php?rest_route=\/wp\/v2\/posts\/22030"}],"collection":[{"href":"https:\/\/agromt.news\/index.php?rest_route=\/wp\/v2\/posts"}],"about":[{"href":"https:\/\/agromt.news\/index.php?rest_route=\/wp\/v2\/types\/post"}],"author":[{"embeddable":true,"href":"https:\/\/agromt.news\/index.php?rest_route=\/wp\/v2\/users\/1"}],"replies":[{"embeddable":true,"href":"https:\/\/agromt.news\/index.php?rest_route=%2Fwp%2Fv2%2Fcomments&post=22030"}],"version-history":[{"count":0,"href":"https:\/\/agromt.news\/index.php?rest_route=\/wp\/v2\/posts\/22030\/revisions"}],"wp:featuredmedia":[{"embeddable":true,"href":"https:\/\/agromt.news\/index.php?rest_route=\/wp\/v2\/media\/22031"}],"wp:attachment":[{"href":"https:\/\/agromt.news\/index.php?rest_route=%2Fwp%2Fv2%2Fmedia&parent=22030"}],"wp:term":[{"taxonomy":"category","embeddable":true,"href":"https:\/\/agromt.news\/index.php?rest_route=%2Fwp%2Fv2%2Fcategories&post=22030"},{"taxonomy":"post_tag","embeddable":true,"href":"https:\/\/agromt.news\/index.php?rest_route=%2Fwp%2Fv2%2Ftags&post=22030"}],"curies":[{"name":"wp","href":"https:\/\/api.w.org\/{rel}","templated":true}]}}