{"id":22027,"date":"2025-10-13T16:29:55","date_gmt":"2025-10-13T20:29:55","guid":{"rendered":"https:\/\/agromt.news\/?p=22027"},"modified":"2025-10-13T16:29:55","modified_gmt":"2025-10-13T20:29:55","slug":"encontros-reforcam-estrategias-para-fortalecer-o-sistema-integrado-de-producao-de-tabaco","status":"publish","type":"post","link":"https:\/\/agromt.news\/?p=22027","title":{"rendered":"Encontros refor\u00e7am estrat\u00e9gias para fortalecer o Sistema Integrado de Produ\u00e7\u00e3o de Tabaco"},"content":{"rendered":"<p> <br \/>\n<\/p>\n<div>\n<p style=\"text-align:justify\">Mais de 1,3 mil pessoas dos tr\u00eas Estados do Sul participaram dos sete semin\u00e1rios para Fortalecimento do Sistema Integrado de Produ\u00e7\u00e3o de Tabaco (SIPT) promovidos pelas entidades que integram o F\u00f3rum Nacional de Integra\u00e7\u00e3o da Cadeia Produtiva do Tabaco (Foniagro) entre os dias 8 e 25 de setembro.\u00a0&#13;\n<\/p>\n<p style=\"text-align:justify\">Os eventos reuniram orientadores agr\u00edcolas, gestores de produ\u00e7\u00e3o, pesquisa e sustentabilidade das empresas integradoras, membros da diretoria e avaliadores da Associa\u00e7\u00e3o dos Fumicultores do Brasil (Afubra), al\u00e9m de representantes das Federa\u00e7\u00f5es de Agricultura e dos Trabalhadores na Agricultura dos tr\u00eas Estados do Sul do Brasil (FARSUL, FETAG-RS, FAESC, FETAESC, FAEP E FETAEP).<\/p>\n<p style=\"text-align:justify\">\u00a0As atividades ocorreram em Rio Pardo (duas edi\u00e7\u00f5es) e S\u00e3o Louren\u00e7o do Sul, no Rio Grande do Sul; Rio Azul, no Paran\u00e1; e Mafra, Ituporanga e Maravilha, em Santa Catarina. A programa\u00e7\u00e3o teve como eixo central a Lei da Integra\u00e7\u00e3o (Lei n\u00ba 13.288\/2016), abordando ainda temas como boas pr\u00e1ticas agr\u00edcolas, manejo do solo, uso de sementes certificadas, contrata\u00e7\u00e3o de m\u00e3o de obra, sa\u00fade e seguran\u00e7a do produtor e prote\u00e7\u00e3o de crian\u00e7as e adolescentes.<\/p>\n<p style=\"text-align:justify\">O representante da Federa\u00e7\u00e3o da Agricultura e Pecu\u00e1ria do Estado de Santa Catarina (Faesc) nos assuntos do tabaco, vice-presidente regional da Faesc no Planalto Norte, representante da CNA na C\u00e2mara Setorial do Tabaco no MAPA e presidente do Sindicato Rural de Irine\u00f3polis, Francisco Eraldo Konkol, destacou que a realiza\u00e7\u00e3o dos semin\u00e1rios foi uma decis\u00e3o do Foniagro com o objetivo de resgatar e fortalecer o Sistema Integrado de Produ\u00e7\u00e3o de Tabaco (SIPT).&#13;\n<\/p>\n<p style=\"text-align:justify\">Segundo ele, havia uma distor\u00e7\u00e3o no funcionamento do sistema integrado, o que motivou a representa\u00e7\u00e3o dos produtores a se reunir e negociar com as empresas integradoras para buscar solu\u00e7\u00f5es conjuntas. \u201cN\u00f3s, representando os produtores, est\u00e1vamos preocupados com essa situa\u00e7\u00e3o e nos reunimos para dialogar com as empresas, por meio do F\u00f3rum Nacional de Integra\u00e7\u00e3o do Tabaco (Foniagro), em busca de iniciativas que fortalecessem o sistema. Uma das principais demandas foi uniformizar as informa\u00e7\u00f5es repassadas aos orientadores agr\u00edcolas\u201d, explicou.<\/p>\n<p style=\"text-align:justify\">Tamb\u00e9m afirmou que houve a participa\u00e7\u00e3o de quase 1.300 orientadores nos encontros, voltados a alinhar conhecimentos e pr\u00e1ticas conforme as diretrizes do Foniagro e das CADECs. Al\u00e9m dos semin\u00e1rios, ocorreram visitas de influenciadores \u00e0s empresas com objetivo de defender e fortalecer o sistema integrado.<\/p>\n<p style=\"text-align:justify\">Eraldo destacou a defini\u00e7\u00e3o do prazo para formaliza\u00e7\u00e3o dos contratos de integra\u00e7\u00e3o, que deve ocorrer at\u00e9 30 de setembro de cada ano, conforme acordo com as empresas. Ap\u00f3s essa data, n\u00e3o \u00e9 permitida a assinatura de novos contratos, medida adotada pelo Foniagro para garantir maior seguran\u00e7a jur\u00eddica e transpar\u00eancia. Ele refor\u00e7ou que essas orienta\u00e7\u00f5es foram repassadas aos orientadores para que atuem de forma alinhada com produtores e empresas.&#13;\n<\/p>\n<p style=\"text-align:justify\">O coordenador do Foniagro e presidente da Afubra, Marc\u00edlio Drescher, destacou a import\u00e2ncia da uni\u00e3o entre produtores e ind\u00fastrias. \u201cSe n\u00e3o caminharmos juntos, enfraquecemos a cadeia produtiva, que j\u00e1 \u00e9 muito perseguida e mal compreendida\u201d, afirmou.<\/p>\n<p style=\"text-align:justify\">Na programa\u00e7\u00e3o dos eventos, o vice-presidente de Produ\u00e7\u00e3o e Qualidade do SindiTabaco e coordenador do Grupo de Trabalho (GT) Lei da Integra\u00e7\u00e3o, Paulo Favero, apresentou sobre os compromissos relacionados a Lei da Integra\u00e7\u00e3o, e detalhou os crit\u00e9rios para a contrata\u00e7\u00e3o dos produtores, como \u00e1rea m\u00ednima de plantio e pacote de insumos. Ele tamb\u00e9m esclareceu sobre visitas t\u00e9cnicas obrigat\u00f3rias e calend\u00e1rio de contrata\u00e7\u00e3o e plantio, salientando que as regras visam dar maior seguran\u00e7a \u00e0s duas partes do contrato de integra\u00e7\u00e3o.<\/p>\n<p style=\"text-align:justify\">O presidente do Sistema Faesc\/Senar, Jos\u00e9 Zeferino Pedrozo, lembrou que o Sistema Integrado de Produ\u00e7\u00e3o de Tabaco \u00e9 um exemplo de parceria bem-sucedida entre produtores e ind\u00fastrias, que ao longo dos anos tem contribu\u00eddo para o fortalecimento da fumicultura e o desenvolvimento econ\u00f4mico e social das regi\u00f5es produtoras. \u201cEsses encontros refor\u00e7am a import\u00e2ncia do di\u00e1logo, da transpar\u00eancia e da coopera\u00e7\u00e3o, princ\u00edpios que sempre defendemos no Sistema FAESC\/SENAR. Quando todos os elos da cadeia se re\u00fanem para alinhar informa\u00e7\u00f5es, aprimorar pr\u00e1ticas e buscar solu\u00e7\u00f5es conjuntas, quem ganha \u00e9 o produtor, que passa a atuar com mais seguran\u00e7a e conhecimento. Parabenizo o Foniagro e todas as entidades envolvidas pela iniciativa e pelo compromisso em garantir um sistema cada vez mais justo, equilibrado e sustent\u00e1vel para todos.\u201d<\/p>\n<\/p><\/div>\n<p><script data-cfasync=\"false\">\n    !function (f, b, e, v, n, t, s) {\n        if (f.fbq) return; n = f.fbq = function () {\n            n.callMethod ?\n                n.callMethod.apply(n, arguments) : n.queue.push(arguments)\n        };\n        if (!f._fbq) f._fbq = n; n.push = n; n.loaded = !0; n.version = '2.0';\n        n.queue = []; t = b.createElement(e); t.async = !0;\n        t.src = v; s = b.getElementsByTagName(e)[0];\n        s.parentNode.insertBefore(t, s)\n    }(window, document, 'script',\n        'https:\/\/connect.facebook.net\/en_US\/fbevents.js');\n    fbq('init', '522546078623747');\n    fbq('track', 'PageView');\n<\/script><br \/>\n<br \/><br \/>\n<br \/><a href=\"https:\/\/www.agrolink.com.br\/noticias\/encontros-reforcam-estrategias-para-fortalecer-o-sistema-integrado-de-producao-de-tabaco_506906.html\">Source link <\/a><\/p>\n","protected":false},"excerpt":{"rendered":"<p>Mais de 1,3 mil pessoas dos tr\u00eas Estados do Sul participaram dos sete semin\u00e1rios para Fortalecimento do Sistema Integrado de<\/p>\n","protected":false},"author":1,"featured_media":11533,"comment_status":"open","ping_status":"open","sticky":false,"template":"","format":"standard","meta":{"_monsterinsights_skip_tracking":false,"_monsterinsights_sitenote_active":false,"_monsterinsights_sitenote_note":"","_monsterinsights_sitenote_category":0,"_uf_show_specific_survey":0,"_uf_disable_surveys":false,"footnotes":""},"categories":[8,1,14],"tags":[],"class_list":["post-22027","post","type-post","status-publish","format-standard","has-post-thumbnail","hentry","category-agro","category-news","category-politica-agro"],"_links":{"self":[{"href":"https:\/\/agromt.news\/index.php?rest_route=\/wp\/v2\/posts\/22027"}],"collection":[{"href":"https:\/\/agromt.news\/index.php?rest_route=\/wp\/v2\/posts"}],"about":[{"href":"https:\/\/agromt.news\/index.php?rest_route=\/wp\/v2\/types\/post"}],"author":[{"embeddable":true,"href":"https:\/\/agromt.news\/index.php?rest_route=\/wp\/v2\/users\/1"}],"replies":[{"embeddable":true,"href":"https:\/\/agromt.news\/index.php?rest_route=%2Fwp%2Fv2%2Fcomments&post=22027"}],"version-history":[{"count":0,"href":"https:\/\/agromt.news\/index.php?rest_route=\/wp\/v2\/posts\/22027\/revisions"}],"wp:featuredmedia":[{"embeddable":true,"href":"https:\/\/agromt.news\/index.php?rest_route=\/wp\/v2\/media\/11533"}],"wp:attachment":[{"href":"https:\/\/agromt.news\/index.php?rest_route=%2Fwp%2Fv2%2Fmedia&parent=22027"}],"wp:term":[{"taxonomy":"category","embeddable":true,"href":"https:\/\/agromt.news\/index.php?rest_route=%2Fwp%2Fv2%2Fcategories&post=22027"},{"taxonomy":"post_tag","embeddable":true,"href":"https:\/\/agromt.news\/index.php?rest_route=%2Fwp%2Fv2%2Ftags&post=22027"}],"curies":[{"name":"wp","href":"https:\/\/api.w.org\/{rel}","templated":true}]}}