{"id":22007,"date":"2025-10-13T12:11:00","date_gmt":"2025-10-13T16:11:00","guid":{"rendered":"https:\/\/agromt.news\/?p=22007"},"modified":"2025-10-13T12:11:00","modified_gmt":"2025-10-13T16:11:00","slug":"media-da-mandioca-sobe-pela-8a-semana-consecutiva","status":"publish","type":"post","link":"https:\/\/agromt.news\/?p=22007","title":{"rendered":"M\u00e9dia da mandioca sobe pela 8\u00aa semana consecutiva"},"content":{"rendered":"<p> <br \/>\n<br \/><img decoding=\"async\" src=\"https:\/\/agromt.news\/wp-content\/uploads\/2025\/10\/Media-da-mandioca-sobe-pela-8a-semana-consecutiva.jpeg\" \/><\/p>\n<div>\n<p>Mesmo com as chuvas recentes, que foram isoladas e pouco volumosas, a baixa umidade continua predominando na maioria das regi\u00f5es produtoras de mandioca. Isso \u00e9 o que indicam os levantamentos do <a href=\"https:\/\/www.canalrural.com.br\/tag\/cepea\/\">Centro de Estudos Avan\u00e7ados em Economia Aplicada (Cepea).<\/a><\/p>\n<p>Ao mesmo tempo, o interesse de produtores pela comercializa\u00e7\u00e3o segue limitado, especialmente no caso das ra\u00edzes mais novas, em raz\u00e3o da menor produtividade e do teor de amido reduzido. Assim, em muitas pra\u00e7as, a oferta permanece abaixo da demanda industrial, impulsionando os pre\u00e7os pela oitava semana consecutiva, conforme o centro de pesquisas.\u00a0<\/p>\n<p>O valor m\u00e9dio nominal a prazo da tonelada de mandioca posta fecularia foi de R$ 563,83 (R$ 0,9806\/grama de amido), alta semanal de 2% e de 7,5% em quatro semanas. J\u00e1 em termos reais, com base no IGP-DI, a m\u00e9dia est\u00e1 10,7% abaixo da registrada em igual per\u00edodo do ano anterior.<\/p>\n<p>Com a oferta de mandioca abaixo das expectativas e o menor rendimento industrial, a produ\u00e7\u00e3o de f\u00e9cula segue limitada em todas as regi\u00f5es acompanhadas pelo Cepea.<\/p>\n<p>A demanda, por outro lado, permanece aquecida, e muitas empresas t\u00eam enfrentado dificuldades para recompor estoques, que ca\u00edram pela d\u00e9cima semana consecutiva, ao menor patamar desde maio.<\/p>\n<p><em>*Sob supervis\u00e3o de Luis Roberto Toledo<\/em><\/p>\n<\/p><\/div>\n<p><br \/>\n<br \/><a href=\"https:\/\/www.canalrural.com.br\/agricultura\/media-da-mandioca-sobe-pela-8a-semana-consecutiva\/\">Source link <\/a><\/p>\n","protected":false},"excerpt":{"rendered":"<p>Mesmo com as chuvas recentes, que foram isoladas e pouco volumosas, a baixa umidade continua predominando na maioria das regi\u00f5es<\/p>\n","protected":false},"author":1,"featured_media":22008,"comment_status":"open","ping_status":"open","sticky":false,"template":"","format":"standard","meta":{"_monsterinsights_skip_tracking":false,"_monsterinsights_sitenote_active":false,"_monsterinsights_sitenote_note":"","_monsterinsights_sitenote_category":0,"_uf_show_specific_survey":0,"_uf_disable_surveys":false,"footnotes":""},"categories":[1],"tags":[],"class_list":["post-22007","post","type-post","status-publish","format-standard","has-post-thumbnail","hentry","category-news"],"_links":{"self":[{"href":"https:\/\/agromt.news\/index.php?rest_route=\/wp\/v2\/posts\/22007"}],"collection":[{"href":"https:\/\/agromt.news\/index.php?rest_route=\/wp\/v2\/posts"}],"about":[{"href":"https:\/\/agromt.news\/index.php?rest_route=\/wp\/v2\/types\/post"}],"author":[{"embeddable":true,"href":"https:\/\/agromt.news\/index.php?rest_route=\/wp\/v2\/users\/1"}],"replies":[{"embeddable":true,"href":"https:\/\/agromt.news\/index.php?rest_route=%2Fwp%2Fv2%2Fcomments&post=22007"}],"version-history":[{"count":0,"href":"https:\/\/agromt.news\/index.php?rest_route=\/wp\/v2\/posts\/22007\/revisions"}],"wp:featuredmedia":[{"embeddable":true,"href":"https:\/\/agromt.news\/index.php?rest_route=\/wp\/v2\/media\/22008"}],"wp:attachment":[{"href":"https:\/\/agromt.news\/index.php?rest_route=%2Fwp%2Fv2%2Fmedia&parent=22007"}],"wp:term":[{"taxonomy":"category","embeddable":true,"href":"https:\/\/agromt.news\/index.php?rest_route=%2Fwp%2Fv2%2Fcategories&post=22007"},{"taxonomy":"post_tag","embeddable":true,"href":"https:\/\/agromt.news\/index.php?rest_route=%2Fwp%2Fv2%2Ftags&post=22007"}],"curies":[{"name":"wp","href":"https:\/\/api.w.org\/{rel}","templated":true}]}}