{"id":21952,"date":"2025-10-12T07:54:11","date_gmt":"2025-10-12T11:54:11","guid":{"rendered":"https:\/\/agromt.news\/?p=21952"},"modified":"2025-10-12T07:54:11","modified_gmt":"2025-10-12T11:54:11","slug":"produtora-rural-leva-ms-a-final-nacional-do-premio-sebrae-mulher-de-negocios","status":"publish","type":"post","link":"https:\/\/agromt.news\/?p=21952","title":{"rendered":"Produtora rural leva MS \u00e0 final nacional do Pr\u00eamio Sebrae Mulher de Neg\u00f3cios"},"content":{"rendered":"<p> <br \/>\n<br \/><img decoding=\"async\" src=\"https:\/\/agromt.news\/wp-content\/uploads\/2025\/10\/Produtora-rural-leva-MS-a-final-nacional-do-Premio-Sebrae.jpg\" \/><\/p>\n<div>\n<p>A empreendedora Aucl\u00e9ia Nunes de Souza, de Amambai (MS), representar\u00e1 o Centro-Oeste e Mato Grosso do Sul na final nacional do <a href=\"https:\/\/www.delassummit.com.br\/?_gl=1*veo535*_gcl_aw*R0NMLjE3NTk0OTgyOTMuQ2p3S0NBanc2UDNHQmhCVkVpd0FKUGptTGtyeWUwd05RWW9yU2tNMVJDOEVYYmdTVVJRY0NqVTlsMlkzd2FfWDA0aW0xWFd3d0Jqb3N4b0M4Y2NRQXZEX0J3RQ..*_gcl_au*MTQ0NTgwNDYyOC4xNzU5NDk4Mjkx*_ga*MTM0NzUxNTYyNy4xNzU5NDk4Mjky*_ga_EW7R42CPBQ*czE3NTk0OTgyOTIkbzEkZzAkdDE3NTk0OTgyOTIkajYwJGwwJGg2MjgyODE3NTg.\">Pr\u00eamio Sebrae Mulher de Neg\u00f3cios 2025<\/a>, na categoria Produtora Rural. O an\u00fancio do resultado do concurso ser\u00e1 nos dias <strong>30 e 31 de outubro, <\/strong>durante o Delas Summit, em Florian\u00f3polis (SC).<\/p>\n<p>Souza chegou at\u00e9 aqui depois de vencer a etapa estadual, que contou com mais de 100 inscri\u00e7\u00f5es, e tamb\u00e9m ap\u00f3s conquistar o primeiro lugar na fase regional.\u00a0<\/p>\n<p>A <a href=\"https:\/\/www.canalrural.com.br\/empreendedorismo\/delas-summit-2024-celebra-liderancas-e-premia-mulheres-empreendedoras\/\">trajet\u00f3ria<\/a>, no entanto, come\u00e7ou h\u00e1 dez anos, com desafios e supera\u00e7\u00f5es. Em 2015, Souza fundou a agroind\u00fastria \u201cHora do P\u00e3o\u201d, dedicada \u00e0 produ\u00e7\u00e3o artesanal de p\u00e3es.<\/p>\n<p>\u201cEu venho de uma fam\u00edlia tradicional da agricultura e vivi a maior parte da minha vida no campo. N\u00e3o fiz faculdade e n\u00e3o utilizava os meios que utilizo hoje, como as ferramentas que tenho para trabalhar. Ent\u00e3o foi pouco a pouco [a constru\u00e7\u00e3o da empresa], uma conquista dia ap\u00f3s dia\u201d, relembra a<a href=\"https:\/\/ms.agenciasebrae.com.br\/cultura-empreendedora\/produtora-rural-representa-ms-na-etapa-nacional-do-premio-sebrae-mulher-de-negocios\/\"> empreendedora<\/a>.<\/p>\n<ul class=\"wp-block-list\">\n<li>Participe do Porteira Aberta Empreender: envie perguntas, sugest\u00f5es e conte a sua hist\u00f3ria de empreendedorismo pelo<a href=\"https:\/\/api.whatsapp.com\/send?phone=5511932796720&amp;PorteiraAbertaEmpreender=SuaMensagem\"> WhatsApp<\/a><\/li>\n<\/ul>\n<p>O momento de virada ocorreu em 2016, quando formalizou a empresa. A decis\u00e3o abriu espa\u00e7o para participar de projetos, receber capacita\u00e7\u00f5es e investir em novos equipamentos, al\u00e9m de conquistar mercados.\u00a0<\/p>\n<p>Desde ent\u00e3o, ela se tornou refer\u00eancia em Amambai e ampliou o impacto da sua atua\u00e7\u00e3o.<\/p>\n<p>\u201cPara mim, \u00e9 uma emo\u00e7\u00e3o muito grande estar participando da premia\u00e7\u00e3o, \u00e9 de fato muito gratificante. E o Sebrae\/MS me proporcionou essa oportunidade de contar a minha hist\u00f3ria. Confesso que estou muito feliz e emocionada\u201d, finaliza.<\/p>\n<h2 class=\"wp-block-heading\" id=\"h-porteira-aberta-empreender\"><strong>Porteira Aberta Empreender<\/strong><\/h2>\n<p>Quer saber mais sobre a FE25? Assista ao programa <a href=\"https:\/\/www.youtube.com\/watch?v=Z-QmWLVJ-AI\"><strong>Porteira Aberta Empreender<\/strong>,<\/a> uma parceria entre o Sebrae e o Canal Rural, que traz dicas, orienta\u00e7\u00f5es e mostra hist\u00f3rias reais de micro e pequenos produtores de todo o pa\u00eds.<\/p>\n<h2 class=\"wp-block-heading\" id=\"h-servico\"><strong>Servi\u00e7o:<\/strong><\/h2>\n<p>Quando? 30 e 31 de outubro de 2025<\/p>\n<p>Hor\u00e1rio: Das 11h \u00e0s 20h<\/p>\n<p>Onde?\u00a0CentroSul \u2013 Florian\u00f3polis\/SC<\/p>\n<p><a href=\"https:\/\/www.pensanoevento.com.br\/eventos\/76261\/delas-summit-2025?utm_source=GOOGLE&amp;utm_medium=CPC&amp;utm_campaign=DELAS_SUMMIT_2025&amp;gad_source=1&amp;gad_campaignid=23072692248&amp;gbraid=0AAAAA-Vym8fee73iK0BKi5cwrvo_06nVH&amp;gclid=CjwKCAjw6P3GBhBVEiwAJPjmLkrye0wNQYorSkM1RC8EXbgSURQcCjU9l2Y3wa_X04im1XWwwBjosxoC8ccQAvD_BwE\">Acesse aqui <\/a>e adquira o seu ingresso\u00a0<\/p>\n<\/p><\/div>\n<p><br \/>\n<br \/><a href=\"https:\/\/www.canalrural.com.br\/empreendedorismo\/produtora-rural-leva-ms-a-final-nacional-do-premio-sebrae-mulher-de-negocios\/\">Source link <\/a><\/p>\n","protected":false},"excerpt":{"rendered":"<p>A empreendedora Aucl\u00e9ia Nunes de Souza, de Amambai (MS), representar\u00e1 o Centro-Oeste e Mato Grosso do Sul na final nacional<\/p>\n","protected":false},"author":1,"featured_media":21953,"comment_status":"open","ping_status":"open","sticky":false,"template":"","format":"standard","meta":{"_monsterinsights_skip_tracking":false,"_monsterinsights_sitenote_active":false,"_monsterinsights_sitenote_note":"","_monsterinsights_sitenote_category":0,"_uf_show_specific_survey":0,"_uf_disable_surveys":false,"footnotes":""},"categories":[1],"tags":[],"class_list":["post-21952","post","type-post","status-publish","format-standard","has-post-thumbnail","hentry","category-news"],"_links":{"self":[{"href":"https:\/\/agromt.news\/index.php?rest_route=\/wp\/v2\/posts\/21952"}],"collection":[{"href":"https:\/\/agromt.news\/index.php?rest_route=\/wp\/v2\/posts"}],"about":[{"href":"https:\/\/agromt.news\/index.php?rest_route=\/wp\/v2\/types\/post"}],"author":[{"embeddable":true,"href":"https:\/\/agromt.news\/index.php?rest_route=\/wp\/v2\/users\/1"}],"replies":[{"embeddable":true,"href":"https:\/\/agromt.news\/index.php?rest_route=%2Fwp%2Fv2%2Fcomments&post=21952"}],"version-history":[{"count":0,"href":"https:\/\/agromt.news\/index.php?rest_route=\/wp\/v2\/posts\/21952\/revisions"}],"wp:featuredmedia":[{"embeddable":true,"href":"https:\/\/agromt.news\/index.php?rest_route=\/wp\/v2\/media\/21953"}],"wp:attachment":[{"href":"https:\/\/agromt.news\/index.php?rest_route=%2Fwp%2Fv2%2Fmedia&parent=21952"}],"wp:term":[{"taxonomy":"category","embeddable":true,"href":"https:\/\/agromt.news\/index.php?rest_route=%2Fwp%2Fv2%2Fcategories&post=21952"},{"taxonomy":"post_tag","embeddable":true,"href":"https:\/\/agromt.news\/index.php?rest_route=%2Fwp%2Fv2%2Ftags&post=21952"}],"curies":[{"name":"wp","href":"https:\/\/api.w.org\/{rel}","templated":true}]}}